
{"id":13111,"date":"2025-04-24T21:42:19","date_gmt":"2025-04-24T19:42:19","guid":{"rendered":"https:\/\/tolunacorporate.com\/?p=13111"},"modified":"2025-05-09T18:45:48","modified_gmt":"2025-05-09T16:45:48","slug":"perceptions-des-alternatives-au-tabac-et-notamment-des-sachets-de-nicotine-sans-tabac-par-les-consommateurs-de-nicotine","status":"publish","type":"post","link":"https:\/\/tolunacorporate.com\/fr\/perceptions-des-alternatives-au-tabac-et-notamment-des-sachets-de-nicotine-sans-tabac-par-les-consommateurs-de-nicotine\/","title":{"rendered":"Perceptions des alternatives au tabac, et notamment des sachets de nicotine sans tabac, par les consommateurs de nicotine"},"content":{"rendered":"\n<h5 class=\"wp-block-heading\"><em>Enqu\u00eate r\u00e9alis\u00e9e en ligne du 20 au 24 mars 2025 aupr\u00e8s d\u2019un \u00e9chantillon de&nbsp;<strong>1 096&nbsp;<\/strong>consommateurs r\u00e9guliers de nicotine (de mani\u00e8re au moins hebdomadaire), issu d\u2019un \u00e9chantillon de&nbsp;<strong>3 147<\/strong>&nbsp;personnes repr\u00e9sentatif de la population fran\u00e7aise \u00e2g\u00e9e de 25 ans et plus. Repr\u00e9sentativit\u00e9 assur\u00e9e par la m\u00e9thode des quotas et redressement appliqu\u00e9s aux variables suivantes : sexe, \u00e2ge, cat\u00e9gorie socioprofessionnelle, r\u00e9gion et cat\u00e9gorie d\u2019agglom\u00e9ration de l\u2019interview\u00e9(e).<\/em><\/h5>\n\n\n\n<p><strong>Paris, le 24 avril,<\/strong><\/p>\n\n\n\n<p><em>Depuis plusieurs ann\u00e9es \u00e9mergent des produits alternatifs au tabac comme les cigarettes \u00e9lectroniques ou les sachets de nicotine.<\/em><\/p>\n\n\n\n<p><em>Afin de mieux comprendre les perceptions qui existent autour de ces produits, Toluna Harris Interactive a r\u00e9alis\u00e9 \u00e0 la demande de BAT France une \u00e9tude sur l\u2019image qu\u2019ont les produits alternatifs au tabac, et plus particuli\u00e8rement, les sachets de nicotine aupr\u00e8s d\u2019un public adulte de consommateurs de nicotine \u00e2g\u00e9 de 25 ans et plus.<\/em><\/p>\n\n\n\n<p>T\u00e9l\u00e9charger le\u00a0<a href=\"https:\/\/harris-interactive.fr\/wp-content\/uploads\/sites\/6\/2025\/04\/Rapport-Toluna-Harris-Perception-des-pouches-et-alternatives-au-tabac-BAT.pdf\" target=\"_blank\" rel=\"noreferrer noopener\">rapport complet<\/a><\/p>\n\n\n\n<p><strong>Principaux enseignements&nbsp;:<\/strong><\/p>\n\n\n\n<p>Dans un contexte o\u00f9 les diff\u00e9rents produits \u00e0 base de nicotine sont bien identifi\u00e9s par les consommateurs,&nbsp;<strong>les sachets de nicotine souffrent d\u2019une plus faible notori\u00e9t\u00e9<\/strong>&nbsp;(39% affirment ne pas conna\u00eetre suffisamment ce produit pour se prononcer sur l\u2019image qu\u2019ils en ont), en particulier chez les plus \u00e2g\u00e9s. Un tiers des consommateurs (33%) ne savent pas dire s\u2019il s\u2019agit d\u2019un produit plus ou moins nocif que le tabac traditionnel. Les sachets de nicotine font donc l\u2019objet d\u2019une m\u00e9connaissance manifeste de la part des consommateurs de nicotine.<\/p>\n\n\n\n<p><strong>55% des consommateurs de nicotine attendent que les r\u00e9glementations concernant la vente de produits alternatifs au tabac \u00e0 base de nicotine aux mineurs soient plus contraignantes<\/strong>, notamment en renfor\u00e7ant les amendes pour les commer\u00e7ants (75%).<\/p>\n\n\n\n<p><strong>Plus pr\u00e9cis\u00e9ment, concernant les sachets de nicotine, pr\u00e8s de 9 consommateurs sur 10 soutiennent que ces derniers devraient \u00eatre interdits \u00e0 la vente aux mineurs<\/strong>, Notons que les 2\/3 pensent \u00e0 tort qu\u2019ils le sont d\u00e9j\u00e0, au m\u00eame titre que les autres produits contenant de la nicotine.<\/p>\n\n\n\n<p>Dans le m\u00eame temps,&nbsp;<strong>68% des consommateurs pensent qu\u2019il faudrait autoriser la vente de ces sachets de nicotine aux personnes majeures<\/strong>. Il s\u2019agit d\u00e8s lors, pour les consommateurs, de consid\u00e9rer les sachets de nicotine sans tabac de la m\u00eame fa\u00e7on que les autres produits \u00e0 base de nicotine.<\/p>\n\n\n\n<p><strong>50% attendent donc des pouvoirs publics qu\u2019ils fassent mieux appliquer la r\u00e9glementation existante<\/strong>&nbsp;sur la vente des produits \u00e0 base de nicotine aux mineurs.<\/p>\n\n\n\n<p><strong>Dans le d\u00e9tail&nbsp;:<\/strong><\/p>\n\n\n\n<p>Un niveau de connaissance perfectible des sachets de nicotine et une image segment\u00e9e<\/p>\n\n\n\n<p><a><\/a><a><\/a>Parmi les diff\u00e9rents produits contenant de la nicotine,&nbsp;<strong>la cigarette \u00e9lectronique et le tabac traditionnel gardent une image majoritairement positive aupr\u00e8s des consommateurs de nicotine<\/strong>. De la m\u00eame fa\u00e7on les substituts \u00e0 la nicotine vendus en pharmacie comme les gommes et les patchs font \u00e9galement plut\u00f4t l\u2019objet d\u2019une bonne image (55%).<\/p>\n\n\n\n<p>A l\u2019inverse, les sachets de nicotine&nbsp;<strong>souffrent d\u2019une faible notori\u00e9t\u00e9 d\u00e9clar\u00e9e de la part des consommateurs de nicotine<\/strong>&nbsp;: pr\u00e8s de 4 consommateurs sur 10 affirment ne pas suffisamment conna\u00eetre ce produit pour se prononcer. Cette faiblesse s\u2019exprime ainsi particuli\u00e8rement en fonction de l\u2019\u00e2ge puisque si 25% des 25-34 ans affirment ne pas conna\u00eetre les sachets de nicotine, ce r\u00e9sultat augmente avec l\u2019\u00e2ge jusqu\u2019\u00e0 atteindre 62% pour les consommateurs \u00e2g\u00e9s de 65 ans et plus.<\/p>\n\n\n\n<p>Spontan\u00e9ment, ceux qui identifient bien les sachets de nicotine oscillent entre deux r\u00e9actions distinctes : d\u2019un c\u00f4t\u00e9 ils les identifient comme de bons substituts \u00e0 la consommation de tabac dans le cadre d\u2019une r\u00e9duction ou d\u2019un sevrage tabagique, de l\u2019autre ils craignent l\u2019aspect n\u00e9faste de la nicotine et le manque de recul sur les effets du produit.<\/p>\n\n\n\n<p>Cette dichotomie s\u2019exprime \u00e9galement lorsque les consommateurs de nicotine sont amen\u00e9s \u00e0 se positionner sur la nocivit\u00e9 des diff\u00e9rents produits, compar\u00e9e \u00e0 celle des cigarettes traditionnelles. Si aucune alternative n\u2019est jug\u00e9e plus nocive que le tabac,&nbsp;<strong>les consommateurs sont 24% \u00e0 estimer que les sachets de nicotine sans tabac sont moins nocifs, 30% ni plus ni moins nocifs, et 33% n\u2019en savent pas assez pour se prononcer.<\/strong><\/p>\n\n\n\n<p>Les consommateurs attendent que la l\u00e9gislation pour la vente des produits contenant de la nicotine soit mieux appliqu\u00e9e<\/p>\n\n\n\n<p>De mani\u00e8re g\u00e9n\u00e9rale,&nbsp;<strong>l\u2019ensemble des consommateurs affirment que les produits contenant de la nicotine sont interdits aux mineurs<\/strong>. C\u2019est \u00e9galement le cas pour les sachets de nicotine sans tabac, aujourd\u2019hui non r\u00e9glement\u00e9es mais dont&nbsp;<strong>66% des consommateurs estiment qu\u2019elles sont interdites aux mineurs<\/strong>. Malgr\u00e9 cette interdiction pr\u00e9sum\u00e9e, la moiti\u00e9 des consommateurs affirment que&nbsp;<strong>la r\u00e9glementation actuelle des alternatives au tabac est suffisante mais qu\u2019elle est mal appliqu\u00e9e<\/strong>. 55% souhaiteraient \u00e9galement qu\u2019\u00e0 l\u2019avenir les sanctions soient plus contraignantes, notamment en direction des commer\u00e7ants qui pourraient \u00eatre tent\u00e9s de vendre ces produits (tabac ou alternatives) \u00e0 des mineurs. La contravention actuelle de 135 euros est ainsi jug\u00e9e trop faible pour 46% des consommateurs, qui estiment, pour la moiti\u00e9 d\u2019entre eux, qu\u2019elle serait plus dissuasive si elle d\u00e9passait les 1000 euros.<\/p>\n\n\n\n<p>Plus qu\u2019une remise en cause de la l\u00e9gislation,&nbsp;<strong>les consommateurs attendent d\u2019abord que celle-ci soit appliqu\u00e9e pour \u00e9viter la consommation par les mineurs<\/strong>. La limitation des saveurs dans les produits (go\u00fbts menthol, fruits, etc.) alternatifs au tabac est jug\u00e9e n\u00e9gativement par une majorit\u00e9 des consommateurs.<\/p>\n\n\n\n<p>Les sachets de nicotine sans tabac&nbsp;: le souhait d\u2019une interdiction pour les mineurs uniquement<\/p>\n\n\n\n<p>Plus sp\u00e9cifiquement \u00e0 propos des sachets de nicotine sans tabac, les Fran\u00e7ais affirment assez nettement que ces produits devraient \u00eatre r\u00e9serv\u00e9s aux adultes. 68% pensent qu\u2019ils devraient \u00eatre autoris\u00e9s \u00e0 la vente aux adultes et 86% pensent qu\u2019ils devraient \u00eatre interdits \u00e0 la vente aux mineurs. Afin d\u2019en contr\u00f4ler la vente, les Fran\u00e7ais expriment un fort soutien (79%) \u00e0 la cr\u00e9ation d\u2019une licence sp\u00e9cifique, sur le mod\u00e8le de la licence IV pour les d\u00e9bits d\u2019alcools, pour \u00eatre autoris\u00e9 \u00e0 en vendre.<\/p>\n\n\n\n<p>D\u2019autres mesures sont \u00e9galement jug\u00e9es efficaces pour r\u00e9duire la consommation de tabac et autres produits \u00e0 base de nicotine&nbsp;des mineurs : \u00e0 titre d\u2019exemple, le renforcement des amendes qu\u2019elles soient pour les commer\u00e7ants qui vendraient ces produits \u00e0 des mineurs ou pour les personnes majeures qui ach\u00e8teraient pour le compte d\u2019un mineur (75%), est jug\u00e9 efficace pour trois quarts des consommateurs. \u00c0 l\u2019inverse, la surtaxe des produits (57% favorables) et le packaging neutre (49%) font davantage d\u00e9bat.<\/p>\n\n\n\n<p>T\u00e9l\u00e9charger le\u00a0<a href=\"https:\/\/tolunacorporate.com\/wp-content\/uploads\/2025\/05\/Rapport-Toluna-Harris-Perception-des-pouches-et-alternatives-au-tabac-BAT-1.pdf\" target=\"_blank\" rel=\"noreferrer noopener\">rapport complet<\/a><\/p>\n\n\n\n<p><\/p>\n","protected":false},"excerpt":{"rendered":"<p>Enqu\u00eate r\u00e9alis\u00e9e en ligne du 20 au 24 mars 2025 aupr\u00e8s d\u2019un<\/p>\n","protected":false},"author":59,"featured_media":13112,"comment_status":"closed","ping_status":"closed","sticky":false,"template":"","format":"standard","meta":{"_acf_changed":false,"_toluna_hide_sidebar":false,"footnotes":""},"categories":[233],"tags":[101],"class_list":["post-13111","post","type-post","status-publish","format-standard","has-post-thumbnail","hentry","category-france-fr","tag-poll-2","entry"],"acf":[],"_links":{"self":[{"href":"https:\/\/tolunacorporate.com\/fr\/wp-json\/wp\/v2\/posts\/13111","targetHints":{"allow":["GET"]}}],"collection":[{"href":"https:\/\/tolunacorporate.com\/fr\/wp-json\/wp\/v2\/posts"}],"about":[{"href":"https:\/\/tolunacorporate.com\/fr\/wp-json\/wp\/v2\/types\/post"}],"author":[{"embeddable":true,"href":"https:\/\/tolunacorporate.com\/fr\/wp-json\/wp\/v2\/users\/59"}],"replies":[{"embeddable":true,"href":"https:\/\/tolunacorporate.com\/fr\/wp-json\/wp\/v2\/comments?post=13111"}],"version-history":[{"count":0,"href":"https:\/\/tolunacorporate.com\/fr\/wp-json\/wp\/v2\/posts\/13111\/revisions"}],"wp:featuredmedia":[{"embeddable":true,"href":"https:\/\/tolunacorporate.com\/fr\/wp-json\/wp\/v2\/media\/13112"}],"wp:attachment":[{"href":"https:\/\/tolunacorporate.com\/fr\/wp-json\/wp\/v2\/media?parent=13111"}],"wp:term":[{"taxonomy":"category","embeddable":true,"href":"https:\/\/tolunacorporate.com\/fr\/wp-json\/wp\/v2\/categories?post=13111"},{"taxonomy":"post_tag","embeddable":true,"href":"https:\/\/tolunacorporate.com\/fr\/wp-json\/wp\/v2\/tags?post=13111"}],"curies":[{"name":"wp","href":"https:\/\/api.w.org\/{rel}","templated":true}]}}