
{"id":13320,"date":"2025-04-03T00:18:32","date_gmt":"2025-04-02T22:18:32","guid":{"rendered":"https:\/\/tolunacorporate.com\/?p=13320"},"modified":"2025-09-23T15:21:05","modified_gmt":"2025-09-23T13:21:05","slug":"le-regard-des-francais-sur-jordan-bardella-et-lactualite-du-rassemblement-national","status":"publish","type":"post","link":"https:\/\/tolunacorporate.com\/fr\/le-regard-des-francais-sur-jordan-bardella-et-lactualite-du-rassemblement-national\/","title":{"rendered":"Le regard des Fran\u00e7ais sur Jordan Bardella et l\u2019actualit\u00e9 du Rassemblement national"},"content":{"rendered":"\n<h5 class=\"wp-block-heading\">Enqu\u00eate r\u00e9alis\u00e9e en ligne du 2 au 3 avril 2025. \u00c9chantillon de&nbsp;<strong>1086<\/strong>&nbsp;personnes repr\u00e9sentatif de la population&nbsp; Fran\u00e7aise \u00e2g\u00e9 de 18 ans et plus. M\u00e9thode des quotas et redressement appliqu\u00e9s aux variables suivantes : sexe, \u00e2ge, cat\u00e9gorie socioprofessionnelle et de la r\u00e9gion de l\u2019interview\u00e9(e).<\/h5>\n\n\n\n<p><strong>Paris, le 3 avril,<\/strong><\/p>\n\n\n\n<p>Voici les principaux enseignements de l\u2019enqu\u00eate r\u00e9alis\u00e9e par Toluna Harris Interactive pour LCI, portant sur le regard que portent les Fran\u00e7ais sur Jordan Bardella, Marine Le Pen et sur l\u2019actualit\u00e9 du Rassemblement national.<\/p>\n\n\n\n<p><strong>Les r\u00e9actions du Rassemblement National \u00e0 la d\u00e9cision du tribunal correctionnel de Paris divisent les Fran\u00e7ais<\/strong><\/p>\n\n\n\n<p>Trois jours apr\u00e8s le rendu du d\u00e9lib\u00e9r\u00e9 pronon\u00e7ant, entres autres, l\u2019in\u00e9ligibilit\u00e9 de Marine Le Pen pendant 5 ans, les r\u00e9actions des personnalit\u00e9s politiques issues de sa formation politique n\u2019ont pas manqu\u00e9, entre critiques d\u2019une \u00ab&nbsp;d\u00e9cision politique&nbsp;\u00bb et appel au soutien de leur candidate.<\/p>\n\n\n\n<p>A l\u2019\u00e9gard de ces r\u00e9actions, les Fran\u00e7ais sont nettement polaris\u00e9s. Si un cinqui\u00e8me d\u2019entre eux ne se positionne pas faute d\u2019information, la partie restante est nettement divis\u00e9e en deux groupes&nbsp;: ceux approuvant les r\u00e9actions (39%, dont 20% les&nbsp;<em>approuvant tout \u00e0 fait<\/em>) et ceux les condamnant (41%, dont 26% les&nbsp;<em>d\u00e9sapprouvant tout \u00e0 fait<\/em>).<\/p>\n\n\n\n<p>Les sympathisants du Rassemblement national affichent largement leur soutien \u00e0 leur formation politique (74%).<\/p>\n\n\n\n<p>De l\u2019autre c\u00f4t\u00e9 de l\u2019\u00e9chiquier politique, les sympathisants du Parti socialiste sont les plus critiques&nbsp;: 74% d\u00e9sapprouvent les r\u00e9actions du RN (48% pour les sympathisants LFI et 56% pour les sympathisants des Ecologistes), tout comme les soutiens de Renaissance (62%).<\/p>\n\n\n\n<p>Enfin, les proches des R\u00e9publicains sont nettement divis\u00e9s \u00e9galement&nbsp;: 43% soutiennent ces r\u00e9actions lorsque 49% s\u2019y opposent.<\/p>\n\n\n\n<p>Au sujet de l\u2019appel au soutien et du rassemblement pr\u00e9vu dimanche, la m\u00eame ligne de fracture se dessine&nbsp;: 52% des personnes interrog\u00e9es consid\u00e8rent que cet appel n\u2019est pas justifi\u00e9 (contre 47% pensant l\u2019inverse), 53% estiment qu\u2019il n\u2019est pas responsable (contre 46%) et 65% qu\u2019il va entra\u00eener des tensions en France (contre 34%).<\/p>\n\n\n\n<p>Si les sympathisants du RN jugent en tr\u00e8s grande majorit\u00e9 cet appel comme justifi\u00e9 (90%) et responsable (88%), ils sont davantage divis\u00e9s sur la troisi\u00e8me dimension&nbsp;: 58% anticipent des tensions lorsque 42% ne les envisagent pas.<\/p>\n\n\n\n<p><strong>Jordan Bardella renforce son image pr\u00e9sidentiable aupr\u00e8s de ses sympathisants, mais peine \u00e0 convaincre au-del\u00e0<\/strong><\/p>\n\n\n\n<p>43% des Fran\u00e7ais jugent que Jordan Bardella ferait un bon pr\u00e9sident de la R\u00e9publique (soit une hausse de 3 points en un an). Il b\u00e9n\u00e9ficie d\u00e9sormais de la m\u00eame \u00ab&nbsp;pr\u00e9sidentiabilit\u00e9&nbsp;\u00bb dans l\u2019opinion que Marine Le Pen (43% \u00e9galement).<\/p>\n\n\n\n<p>Les soutiens du RN sont quasi-unanimes aussi bien pour Jordan Bardella (91%, avec m\u00eame une hausse de 8 points en un an) que pour Marine Le Pen (94%). Les sympathisants du reste du spectre politique demeurent plus sceptiques&nbsp;: seuls 36% des sympathisants LR sont d\u2019accord avec cette affirmation, 27% pour ceux de LFI et moins d\u2019un cinqui\u00e8me pour Les Ecologistes (18%, -8 points), Renaissance (15%, -7 points) et le PS (13%, -9 points).<\/p>\n\n\n\n<p>En outre, l\u2019image de Jordan Bardella aupr\u00e8s du grand public se construit autour de son ambition (79%) et de son courage (61%). Il porte comme atout par rapport \u00e0 Marine Le Pen d\u2019\u00eatre dynamique (67% contre 63%) et sympathique (56% contre 47%). En revanche, l\u2019opinion est plus s\u00e9v\u00e8re \u00e0 son \u00e9gard sur sa capacit\u00e9 \u00e0 savoir faire preuve d\u2019autorit\u00e9 (54% contre 66% pour Marine Le Pen).<\/p>\n\n\n\n<p>Aupr\u00e8s des sympathisants du RN, les traits d\u2019images de Jordan Bardella et de Marine Le Pen sont exacerb\u00e9s, oscillant entre 86% et 96%).<\/p>\n\n\n\n<p>T\u00e9l\u00e9charger le\u00a0<a href=\"https:\/\/tolunacorporate.com\/wp-content\/uploads\/2025\/05\/Rapport-Toluna-Harris-Interactive-Version-complete-Le-regard-des-Francais-sur-Jordan-Bardella-et-lactualite-du-RN-LCI-Avril-2025.pdf\" target=\"_blank\" rel=\"noreferrer noopener\">rapport complet<\/a><\/p>\n","protected":false},"excerpt":{"rendered":"<p>Enqu\u00eate r\u00e9alis\u00e9e en ligne du 2 au 3 avril 2025. \u00c9chantillon de&nbsp;1086&nbsp;personnes<\/p>\n","protected":false},"author":59,"featured_media":16362,"comment_status":"closed","ping_status":"closed","sticky":false,"template":"","format":"standard","meta":{"_acf_changed":false,"_toluna_hide_sidebar":false,"footnotes":""},"categories":[233],"tags":[101],"class_list":["post-13320","post","type-post","status-publish","format-standard","has-post-thumbnail","hentry","category-france-fr","tag-poll-2","entry"],"acf":[],"_links":{"self":[{"href":"https:\/\/tolunacorporate.com\/fr\/wp-json\/wp\/v2\/posts\/13320","targetHints":{"allow":["GET"]}}],"collection":[{"href":"https:\/\/tolunacorporate.com\/fr\/wp-json\/wp\/v2\/posts"}],"about":[{"href":"https:\/\/tolunacorporate.com\/fr\/wp-json\/wp\/v2\/types\/post"}],"author":[{"embeddable":true,"href":"https:\/\/tolunacorporate.com\/fr\/wp-json\/wp\/v2\/users\/59"}],"replies":[{"embeddable":true,"href":"https:\/\/tolunacorporate.com\/fr\/wp-json\/wp\/v2\/comments?post=13320"}],"version-history":[{"count":0,"href":"https:\/\/tolunacorporate.com\/fr\/wp-json\/wp\/v2\/posts\/13320\/revisions"}],"wp:featuredmedia":[{"embeddable":true,"href":"https:\/\/tolunacorporate.com\/fr\/wp-json\/wp\/v2\/media\/16362"}],"wp:attachment":[{"href":"https:\/\/tolunacorporate.com\/fr\/wp-json\/wp\/v2\/media?parent=13320"}],"wp:term":[{"taxonomy":"category","embeddable":true,"href":"https:\/\/tolunacorporate.com\/fr\/wp-json\/wp\/v2\/categories?post=13320"},{"taxonomy":"post_tag","embeddable":true,"href":"https:\/\/tolunacorporate.com\/fr\/wp-json\/wp\/v2\/tags?post=13320"}],"curies":[{"name":"wp","href":"https:\/\/api.w.org\/{rel}","templated":true}]}}