
{"id":13471,"date":"2024-12-27T19:29:50","date_gmt":"2024-12-27T18:29:50","guid":{"rendered":"https:\/\/tolunacorporate.com\/?p=13471"},"modified":"2025-05-10T18:43:12","modified_gmt":"2025-05-10T16:43:12","slug":"barometre-de-confiance-politique-decembre-2024","status":"publish","type":"post","link":"https:\/\/tolunacorporate.com\/fr\/barometre-de-confiance-politique-decembre-2024\/","title":{"rendered":"Barom\u00e8tre de confiance politique \u2013 D\u00e9cembre 2024"},"content":{"rendered":"\n<p>Enqu\u00eate r\u00e9alis\u00e9e par Toluna Harris Interactive en ligne du 24 au 26 d\u00e9cembre 2024. \u00c9chantillon de 1 104 personnes, repr\u00e9sentatif des Fran\u00e7ais \u00e2g\u00e9s de 18 ans et plus. M\u00e9thode des quotas et redressement appliqu\u00e9s aux variables suivantes : sexe, \u00e2ge, cat\u00e9gorie socioprofessionnelle et r\u00e9gion de l\u2019interview\u00e9(e).<\/p>\n\n\n\n<p>Paris, le 27 d\u00e9cembre,<\/p>\n\n\n\n<p>T\u00e9l\u00e9chargez le\u00a0<a href=\"https:\/\/tolunacorporate.com\/wp-content\/uploads\/2025\/05\/Barometre-de-confiance-politique-Toluna-Harris-Interactive-LCI_decembre-2024.pdf\" target=\"_blank\" rel=\"noreferrer noopener\">rapport complet<\/a><\/p>\n\n\n\n<p>T\u00e9l\u00e9chargez la\u00a0<a href=\"https:\/\/tolunacorporate.com\/wp-content\/uploads\/2025\/05\/Note-danalyse-Toluna-Harris-Barometre-de-confiance-politique-Decembre-2024-LCI.pdf\" target=\"_blank\" rel=\"noreferrer noopener\">note d\u2019analyse de Jean-Daniel L\u00e9vy<\/a><\/p>\n\n\n\n<p>Tous les mois, Toluna Harris Interactive r\u00e9alise en partenariat avec LCI un barom\u00e8tre de confiance politique.<\/p>\n\n\n\n<p>T\u00e9l\u00e9chargez le rapport complet<\/p>\n\n\n\n<p>T\u00e9l\u00e9chargez la note d\u2019analyse de Jean-Daniel L\u00e9vy<\/p>\n\n\n\n<p>Que retenir de cette enqu\u00eate ?<\/p>\n\n\n\n<p>D\u00e9cembre 2024 voit se terminer une ann\u00e9e politiquement singuli\u00e8re. Cette ann\u00e9e a connu quatre premiers ministres, une dissolution n\u2019ayant pas d\u00e9bouch\u00e9 sur une majorit\u00e9 parlementaire, de longues p\u00e9riodes sans gouvernement, une motion de censure adopt\u00e9e\u2026<\/p>\n\n\n\n<p>En cette fin 2024, Emmanuel Macron voit, ce mois-ci, la confiance des Fran\u00e7ais \u00e0 son \u00e9gard rester relativement stable (32%, -1). Cependant le niveau de confiance envers le Pr\u00e9sident de la R\u00e9publique ne cesse de baisser depuis le mois de septembre (-5) et atteint son plus bas niveau depuis d\u00e9cembre 2018, p\u00e9riode de tensions li\u00e9es au mouvement des gilets jaunes.<\/p>\n\n\n\n<p>Comme le montre le tableau ci-dessous, l\u2019absence de confiance dans le Pr\u00e9sident de la R\u00e9publique a progress\u00e9 de 13 points depuis fin 2022, et est pass\u00e9 de 29% \u00e0 42% de la population ne lui accordant pas du tout sa confiance. Quand bien m\u00eame Emmanuel Macron a \u00e9t\u00e9 r\u00e9\u00e9lu Pr\u00e9sident de la R\u00e9publique.<\/p>\n\n\n\n<p>Les personnes \u00e2g\u00e9es de 50 \u00e0 64 ans ont la double singularit\u00e9 d\u2019\u00eatre et la seule cat\u00e9gorie (g\u00e9n\u00e9rationnellement parlant) \u00e0 d\u00e9clarer majoritairement ne pas du tout avoir confiance en Emmanuel Macron (51%) et d\u2019\u00eatre celle dont l\u2019\u00e9volution critique est la plus notable (+18 points contre 13 points en moyenne). Relevons \u00e9galement que si les \u00e9lecteurs du Pr\u00e9sident de la R\u00e9publique lui accordaient, un peu plus de six mois apr\u00e8s le scrutin, tr\u00e8s nettement leur confiance (93%), ils ne sont \u00ab plus \u00bb que 71% \u00e0 adopter la m\u00eame posture ce mois-ci.<\/p>\n\n\n\n<p>Si l\u2019on se concentre sur les \u00e9lecteurs d\u2019Emmanuel Macron au premier tour de la derni\u00e8re \u00e9lection pr\u00e9sidentielle, plusieurs dimensions structurent l\u2019absence de confiance :<\/p>\n\n\n\n<p>Alors que le Pr\u00e9sident de la R\u00e9publique avait donn\u00e9 le sentiment d\u2019\u00eatre au clair sur sa strat\u00e9gie et son ambition pour la France, quitte \u00e0 ce qu\u2019elle ne soit pas consensuelle, rejaillissent nettement des doutes. Ainsi sont spontan\u00e9ment \u00e9voqu\u00e9s \u00ab l\u2019ind\u00e9cision \u00bb, \u00ab le d\u00e9ficit d\u2019objectifs \u00bb, le \u00ab manque de strat\u00e9gie \u00bb, \u00ab l\u2019absence de projet \u00bb. A ce titre, le temps pris pour nommer les premiers Ministres (Michel Barnier comme Fran\u00e7ois Bayrou) renforcent ces sentiments ;<br>Comme attendu, la dissolution ressort nettement \u00ab il n\u2019a pas de vrai projet pour la France, il m\u00e8ne sa politique \u00e0 grand coup de r\u00e9formes sans queue ni t\u00eate, il prend des d\u00e9cisions incompr\u00e9hensibles (ex : dissolution de l\u2019Assembl\u00e9e) \u00bb et vient alimenter plusieurs critiques au premier rang desquelles la gestion personnelle du pouvoir \u00ab il a encha\u00een\u00e9 les mauvaises d\u00e9cisions. Il est trop s\u00fbr de lui \u00bb, \u00ab il n\u2019en fait qu\u2019\u00e0 sa t\u00eate \u00bb ;<br>Ceci n\u2019\u00e9tant pas contrebalanc\u00e9 par des appr\u00e9ciations positives \u00ab d\u00e9ficit excessif \u00bb, \u00ab on constate que sa politique a men\u00e9 la d\u00e9gradation de la France, et que les probl\u00e8mes anciens ont encore empir\u00e9 \u00bb, \u00ab il a ruin\u00e9 la France ; il a accentu\u00e9 le d\u00e9clin moral ; sous son mandat, la France a perdu son statut international \u00bb.<br>Au final, aupr\u00e8s de cette population, \u00ab il s\u2019est trop isol\u00e9 des Fran\u00e7ais \u00bb. Sont \u00e9mis \u00ab des doutes sur sa perception de la r\u00e9alit\u00e9 des choses \u00bb. Au final, \u00ab il \u00e9tait bien parti dans les r\u00e9formes, mais je crois qu\u2019il perd pied \u00bb.<\/p>\n\n\n\n<p>Certes, cette population strat\u00e9gique est minoritaire, mais ses vacillements sont \u00e0 consid\u00e9rer. Et ce d\u2019autant plus que ses \u00e9lecteurs de premier tour \u00e9voquent souvent une confiance en relatif. \u00ab Le seul pour le moment \u00bb, \u00ab ce n\u2019est pas un incapable \u00bb, \u00ab c\u2019est pas M\u00e9lenchon ou Le Pen qui fera mieux \u00bb, \u00ab Malgr\u00e9 des vents contraires, il n\u2019a pas mal conduit la barque. Ceux qui le critiquent auraient-ils su faire aussi bien ? \u00bb. Ressort encore la gestion de la Covid \u00ab parce qu\u2019il a aid\u00e9 les Fran\u00e7ais pendant le Covid19 et a soutenu les entreprises \u00bb mais gu\u00e8re plus si ce n\u2019est qu\u2019il ferait ce qu\u2019il pourrait dans un contexte difficile. Remarquons la tr\u00e8s faible mobilisation d\u2019arguments positifs de r\u00e9formes (comme celle des retraites) ou encore de la nomination du nouveau gouvernement.<\/p>\n\n\n\n<p>R\u00e9cemment nomm\u00e9 Premier ministre, Fran\u00e7ois Bayrou recueille la confiance de 32% des Fran\u00e7ais, soit 12 points de moins que Michel Barnier lors de son arriv\u00e9e \u00e0 Matignon. Il s\u2019agit du Premier ministre b\u00e9n\u00e9ficiant du plus bas niveau de confiance lors de sa nomination parmi l\u2019ensemble des premiers ministres d\u2019Emmanuel Macron. Le leader du Modem b\u00e9n\u00e9ficie de la confiance de la majorit\u00e9 des sympathisants du camp pr\u00e9sidentiel (74%) mais peine \u00e0 convaincre les sympathisants de gauche, de droite et du RN, aupr\u00e8s desquels il recueille entre un quart et un tiers de confiance.<\/p>\n\n\n\n<p>Le nouveau gouvernement ne semble pas susciter une adh\u00e9sion marqu\u00e9e des Fran\u00e7ais, notamment du fait du d\u00e9ficit de notori\u00e9t\u00e9 de nombreux ministres. Renomm\u00e9s \u00e0 leur poste, Bruno Retailleau (42%, +7) et S\u00e9bastien Lecornu (42%, +9) figurent parmi les ministres b\u00e9n\u00e9ficiant des plus hauts niveaux de confiance, tout comme G\u00e9rald Darmanin (41%). Ph\u00e9nom\u00e8ne unique sous la V R\u00e9publique, ce gouvernement est \u00e9galement marqu\u00e9 par la pr\u00e9sence de deux ex-premiers ministres, qui recueillent chacun la confiance de moins d\u2019un tiers des Fran\u00e7ais : Elisabeth Borne (31%) et Manuel Valls (28%).<\/p>\n\n\n\n<p>Le socle \u00e9lectoral d\u2019Emmanuel Macron n\u2019est pas tendre avec le nouveau Premier ministre. Outre les r\u00e9f\u00e9rences \u00e0 l\u2019\u00e2ge et au rythme de phras\u00e9 de Fran\u00e7ois Bayrou (illustratifs de ses choix politiques et ind\u00e9cisions selon les propos spontan\u00e9s des Fran\u00e7ais interrog\u00e9s), la critique de la composition du gouvernement \u00e9merge avec deux dimensions :<\/p>\n\n\n\n<p>Le fait que le message \u00e9lectoral n\u2019est pas refl\u00e9t\u00e9 dans cette \u00e9quipe \u00ab reprend des anciens ministres sans tenir compte du vote \u00bb, \u00ab on reprend les m\u00eames et on recommence \u00bb ;<br>L\u2019absence d\u2019\u00e9largissement de la base politique sur laquelle pourra s\u2019appuyer le nouveau Premier ministre.<\/p>\n\n\n\n<p>Notons qu\u2019aupr\u00e8s de cette population, aucune focalisation sur un nom en particulier (que ce soit en positif ou n\u00e9gatif) ne s\u2019effectue (que ce soit par exemple Manuel Valls ou \u00c9ric Lombard).<\/p>\n\n\n\n<p>Fait notable : Jordan Bardella redevient la personnalit\u00e9 politique recueillant le plus de confiance aupr\u00e8s des Fran\u00e7ais (39%, +3). Le d\u00e9put\u00e9 europ\u00e9en recueille la confiance de 86% des sympathisants de sa famille politique soit un peu moins que Marine Le Pen (90%, +4) qui, de son c\u00f4t\u00e9, enregistre la confiance de 38% des Fran\u00e7ais (+3). Les deux personnalit\u00e9s d\u2019extr\u00eame-droite figurent \u00e0 nouveau parmi les deux personnalit\u00e9s politiques envers lesquelles les Fran\u00e7ais indiquent le plus faire confiance.<\/p>\n\n\n\n<p>Notons qu\u2019il ne s\u2019agit pas ici d\u2019un \u00e9piph\u00e9nom\u00e8ne. Et quand bien m\u00eame la responsable historique du RN a connu un r\u00e9quisitoire s\u00e9v\u00e8re, quand bien m\u00eame elle a particip\u00e9 \u00e0 la censure de Michel Barnier ni elle, ni sa formation politique ne connaissent la moindre sanction d\u2019opinion. Si nous indiquons qu\u2019il ne s\u2019agit pas d\u2019un \u00e9piph\u00e9nom\u00e8ne, c\u2019est que l\u2019\u00e9volution de la proximit\u00e9 politique des Fran\u00e7ais est \u00e0 ce titre on ne peut plus claire.<\/p>\n\n\n\n<p>En nous basant sur les donn\u00e9es recueillies fin d\u00e9cembre de chaque ann\u00e9e depuis la premi\u00e8re \u00e9lection d\u2019Emmanuel Macron nous observons deux ph\u00e9nom\u00e8nes majeurs : 1. La \u00ab banalisation \u00bb de la formation politique (quelle que soit sa d\u00e9nomination) soutenant le Pr\u00e9sident de la R\u00e9publique (14% des Fran\u00e7ais s\u2019en d\u00e9claraient proches fin 2017, 8% aujourd\u2019hui soit \u2013 sensiblement \u2013 le m\u00eame niveau que les autres formations politiques ayant \u00e9t\u00e9 amen\u00e9es \u00e0 gouverner). 2. La progression tendancielle du FN\/RN avec surtout une \u00e9volution nette depuis 2022 quand bien m\u00eame Marine Le Pen n\u2019a pas \u00e9t\u00e9 \u00e9lue \u00e0 la Pr\u00e9sidence de la R\u00e9publique. 19% des Fran\u00e7ais (1 personne sur 5 interrog\u00e9e) affirment aujourd\u2019hui que la formation politique dont ils se sentent le plus proche est une de celle se situant le plus \u00e0 droite sur l\u2019\u00e9chiquier politique.<\/p>\n\n\n\n<p>A droite, Michel Barnier apparait comme la personnalit\u00e9 jouissant du plus haut niveau de confiance aupr\u00e8s des Fran\u00e7ais (33%). Il jouit \u00e9galement de la confiance de 60% des sympathisants de sa famille politique, soit nettement moins que ce qui \u00e9tait mesur\u00e9 le mois dernier lorsqu\u2019il \u00e9tait encore Premier ministre (70%). Xavier Bertrand apparait toujours comme celui b\u00e9n\u00e9ficiant du plus haut niveau de confiance parmi les sympathisants LR, \u00e0 \u00e9galit\u00e9 avec Fran\u00e7ois-Xavier Bellamy (65%).<\/p>\n\n\n\n<p>Il y a un an pr\u00e9cis\u00e9ment, nous soulignions la progression de la confiance en Gabriel Attal (avant qu\u2019il ne soit nomm\u00e9 Premier ministre) et un double mouvement de baisse de la confiance en Emmanuel Macron et de croissance dans celle en Jordan Bardella. Sur ces deux derniers points, les \u00e9volutions d\u2019opinion se sont poursuivies. Tout se passe comme si ces mouvements n\u2019\u00e9taient pas li\u00e9s \u00e0 des aspects conjoncturels mais plus \u00e0 des dimensions structurelles. L\u2019ex\u00e9cutif est faible d\u2019un point de vue d\u2019opinion. Plus faible qu\u2019en 2023. Fran\u00e7ois Bayrou \u00ab prot\u00e8ge \u00bb, d\u2019un point de vue politique, moins que Michel Barnier le Pr\u00e9sident de la R\u00e9publique. Et si l\u2019on ne mesure pas de demande spontan\u00e9e de d\u00e9mission du Pr\u00e9sident de la R\u00e9publique, les Fran\u00e7ais demandent des perspectives. On la sait, apr\u00e8s le mouvement des gilets jaunes, Emmanuel Macron est parvenu \u00e0 \u00ab reprendre la main \u00bb et \u00e0 renouer un lien d\u2019opinion avec les citoyens. Implicitement, il faisait savoir qu\u2019il les avait compris. Aujourd\u2019hui, les Fran\u00e7ais \u00e9mettent des doutes sur ce point.<\/p>\n\n\n\n<p>T\u00e9l\u00e9chargez aussi notre\u00a0<a href=\"https:\/\/tolunacorporate.com\/wp-content\/uploads\/2025\/05\/Rapport-Toluna-Harris-Interactive-Le-rapport-des-Francais-aux-voeux-presidentiels-et-a-la-motion-de-censure-LCI.pdf\" target=\"_blank\" rel=\"noreferrer noopener\">question du mois<\/a>\u00a0:\u00a0<strong>Le rapport des Fran\u00e7ais aux v\u0153ux pr\u00e9sidentiels et \u00e0 la motion de censure<\/strong><\/p>\n","protected":false},"excerpt":{"rendered":"<p>Enqu\u00eate r\u00e9alis\u00e9e par Toluna Harris Interactive en ligne du 24 au 26<\/p>\n","protected":false},"author":59,"featured_media":13472,"comment_status":"closed","ping_status":"closed","sticky":false,"template":"","format":"standard","meta":{"_acf_changed":false,"_toluna_hide_sidebar":false,"footnotes":""},"categories":[233],"tags":[101],"class_list":["post-13471","post","type-post","status-publish","format-standard","has-post-thumbnail","hentry","category-france-fr","tag-poll-2","entry"],"acf":[],"_links":{"self":[{"href":"https:\/\/tolunacorporate.com\/fr\/wp-json\/wp\/v2\/posts\/13471","targetHints":{"allow":["GET"]}}],"collection":[{"href":"https:\/\/tolunacorporate.com\/fr\/wp-json\/wp\/v2\/posts"}],"about":[{"href":"https:\/\/tolunacorporate.com\/fr\/wp-json\/wp\/v2\/types\/post"}],"author":[{"embeddable":true,"href":"https:\/\/tolunacorporate.com\/fr\/wp-json\/wp\/v2\/users\/59"}],"replies":[{"embeddable":true,"href":"https:\/\/tolunacorporate.com\/fr\/wp-json\/wp\/v2\/comments?post=13471"}],"version-history":[{"count":0,"href":"https:\/\/tolunacorporate.com\/fr\/wp-json\/wp\/v2\/posts\/13471\/revisions"}],"wp:featuredmedia":[{"embeddable":true,"href":"https:\/\/tolunacorporate.com\/fr\/wp-json\/wp\/v2\/media\/13472"}],"wp:attachment":[{"href":"https:\/\/tolunacorporate.com\/fr\/wp-json\/wp\/v2\/media?parent=13471"}],"wp:term":[{"taxonomy":"category","embeddable":true,"href":"https:\/\/tolunacorporate.com\/fr\/wp-json\/wp\/v2\/categories?post=13471"},{"taxonomy":"post_tag","embeddable":true,"href":"https:\/\/tolunacorporate.com\/fr\/wp-json\/wp\/v2\/tags?post=13471"}],"curies":[{"name":"wp","href":"https:\/\/api.w.org\/{rel}","templated":true}]}}