
{"id":13507,"date":"2024-12-13T19:44:44","date_gmt":"2024-12-13T18:44:44","guid":{"rendered":"https:\/\/tolunacorporate.com\/?p=13507"},"modified":"2025-05-10T19:00:52","modified_gmt":"2025-05-10T17:00:52","slug":"etude-flash-sur-la-nomination-de-francois-bayrou-en-tant-que-premier-ministre","status":"publish","type":"post","link":"https:\/\/tolunacorporate.com\/fr\/etude-flash-sur-la-nomination-de-francois-bayrou-en-tant-que-premier-ministre\/","title":{"rendered":"Etude flash sur la nomination de Fran\u00e7ois Bayrou en tant que Premier ministre"},"content":{"rendered":"\n<h5 class=\"wp-block-heading\">Enqu\u00eate r\u00e9alis\u00e9e en ligne le 13 d\u00e9cembre 2024 (apr\u00e8s la nomination de Fran\u00e7ois Bayrou en tant que Premier ministre). \u00c9chantillon de 1030 personnes, repr\u00e9sentatif de la population fran\u00e7aise \u00e2g\u00e9e de 18 ans et plus. M\u00e9thode des quotas et redressement appliqu\u00e9s aux variables suivantes : Sexe, \u00e2ge, cat\u00e9gorie socioprofessionnelle et r\u00e9gion de l\u2019interview\u00e9(e).<\/h5>\n\n\n\n<p><strong>Paris, le 13 d\u00e9cembre,<\/strong><\/p>\n\n\n\n<p>Toluna Harris Interactive a r\u00e9alis\u00e9&nbsp;<strong>une enqu\u00eate<\/strong>&nbsp;en partenariat avec LCI&nbsp;<strong>\u00e0 la suite de la nomination de Fran\u00e7ois Bayrou en tant que Premier ministre<\/strong>, pour mesurer la r\u00e9action des Fran\u00e7ais.<\/p>\n\n\n\n<p>T\u00e9l\u00e9charger le\u00a0<a href=\"https:\/\/tolunacorporate.com\/wp-content\/uploads\/2025\/05\/Rapport-Harris-Interactive-Etude-flash-nomination-de-Francois-Bayrou-LCI-1.pdf\" target=\"_blank\" rel=\"noreferrer noopener\">rapport complet<\/a><\/p>\n\n\n\n<p>Voici les principaux enseignements de cette \u00e9tude :<\/p>\n\n\n\n<ul class=\"wp-block-list\">\n<li><strong>Fran\u00e7ois Bayrou, qui vient d\u2019\u00eatre nomm\u00e9 Premier ministre, b\u00e9n\u00e9ficie de la confiance de 40% des Fran\u00e7ais<\/strong>. Ce score est inf\u00e9rieur \u00e0 ceux de ses pr\u00e9d\u00e9cesseurs d\u00e9sign\u00e9s par Emmanuel Macron apr\u00e8s leurs arriv\u00e9es \u00e0 Matignon, qu\u2019il s\u2019agisse de&nbsp;<strong>Jean Castex&nbsp;<\/strong>ou&nbsp;<strong>Gabriel Attal (56%), \u00c9douard Philippe (53%), Michel Barnier (51%) et \u00c9lisabeth Borne (44%). Dans un contexte tr\u00e8s instable, le 4<\/strong><em><strong>\u00e8me<\/strong><\/em><strong>&nbsp;Premier ministre de 2024<\/strong><strong>&nbsp;<\/strong><strong>arrive avec un niveau de confiance plus faible que ses pr\u00e9d\u00e9cesseurs.<\/strong>&nbsp;Sans surprise, les niveaux de confiance sont plus \u00e9lev\u00e9s de la part des proches de Renaissance (85%), et des R\u00e9publicains (60%) tandis que les proches des autres formations politiques expriment une d\u00e9fiance plus nette, au RN (16% de confiance), comme \u00e0 gauche (LFI 25%, PS 30%, Ecologistes 27%). Notons sur ce point que Michel Barnier disposait d\u2019un niveau de d\u00e9fiance un peu moins \u00e9lev\u00e9 de la part des sympathisants des formations politiques d\u2019opposition lors de sa nomination.<\/li>\n<\/ul>\n\n\n\n<ul class=\"wp-block-list\">\n<li><strong>Les priorit\u00e9s assign\u00e9es au nouveau gouvernement s\u2019inscrivent logiquement dans les th\u00e9matiques qui ont pr\u00e9cipit\u00e9 la censure du gouvernement Barnier<\/strong>&nbsp;: le pouvoir d\u2019achat (60%), le syst\u00e8me social (44%) et les d\u00e9ficits publics (42%) apparaissent aux yeux des Fran\u00e7ais comme les sujets plus prioritaires pour le nouveau gouvernement de Fran\u00e7ois Bayrou.<\/li>\n<\/ul>\n\n\n\n<ul class=\"wp-block-list\">\n<li><strong>Comme apr\u00e8s l\u2019arriv\u00e9e de Michel Barnier, les Fran\u00e7ais se montrent en revanche peu confiants (38%&nbsp;, 41% en septembre) dans la capacit\u00e9 du futur gouvernement \u00e0 tenir compte des souhaits des Fran\u00e7ais exprim\u00e9s lors des derni\u00e8res \u00e9lections l\u00e9gislatives<\/strong>.<\/li>\n<\/ul>\n\n\n\n<ul class=\"wp-block-list\">\n<li><strong>Alors que le nouveau Premier ministre arrive apr\u00e8s la censure de son pr\u00e9d\u00e9cesseur par l\u2019Assembl\u00e9e nationale<\/strong>,&nbsp;les Fran\u00e7ais se d\u00e9clarent favorables \u00e0 ce qu\u2019il int\u00e8gre des ministres issus de diverses formations politiques&nbsp;de gauche comme de droite, qu\u2019ils soient issus du PS (55%), &nbsp;des LR (53%), du MoDem (51%), du RN (47%), d\u2019Horizons (46%), &nbsp;des Ecologistes (45%), de LIOT (44%) et de Renaissance (40%). &nbsp;Notons que la nomination d\u2019un Premier ministre issu d\u2019une formation alli\u00e9e de celle du Pr\u00e9sident de la R\u00e9publique n\u2019emp\u00eache pas les Fran\u00e7ais d\u2019imaginer un gouvernement \u00ab&nbsp;pluriel&nbsp;\u00bb&nbsp;: les sympathisants de chacune des formations politiques estiment tous en grande majorit\u00e9 que des ministres issus de leur rang devraient y figurer (ce que l\u2019on observait \u00e9galement lors de la nomination de Michel Barnier).<\/li>\n<\/ul>\n\n\n\n<ul class=\"wp-block-list\">\n<li>Au-del\u00e0 de la formation d\u2019un gouvernement,<strong>&nbsp;les Fran\u00e7ais se montrent peu optimistes dans la capacit\u00e9 de Fran\u00e7ois Bayrou et son futur gouvernement \u00e0 recueillir la confiance d\u2019une majorit\u00e9 des d\u00e9put\u00e9s \u00e0 l\u2019Assembl\u00e9e nationale et d\u2019\u00e9viter la censure (seuls 36% pensent qu\u2019il y parviendra contre 42% apr\u00e8s la nomination de Michel Barnier).<\/strong>&nbsp;S\u2019ils se montrent plus optimistes que la moyenne, notons que les proches de Renaissance et des LR sont plus partag\u00e9s : 40% des proches de Renaissance et 47% des proches des LR estiment que le gouvernement de Fran\u00e7ois Bayrou ne passera pas l\u2019\u00e9tape du vote de confiance de l\u2019Assembl\u00e9e nationale.<\/li>\n<\/ul>\n\n\n\n<ul class=\"wp-block-list\">\n<li>Les Fran\u00e7ais imaginent un gouvernement Bayrou sous \u00ab&nbsp;tr\u00e8s haute surveillance&nbsp;\u00bb&nbsp;:&nbsp;<strong>1\/2 souhaitent que les groupes d\u2019opposition censurent le gouvernement s\u2019il utilisait l\u2019article 49.3 pour faire passer des projets de loi mais \u00e9galement si un projet de loi ne leur convient pas (ind\u00e9pendamment de la mani\u00e8re dont ce projet aurait \u00e9t\u00e9 adopt\u00e9).<\/strong>&nbsp;Notons en revanche que \u00ab&nbsp;seuls&nbsp;\u00bb&nbsp;<strong>1\/3 des Fran\u00e7ais souhaitent que le gouvernement de Fran\u00e7ois Bayrou soit censur\u00e9 d\u00e8s que possible<\/strong>. Seuls les proches de la France insoumise se montrent majoritairement favorables \u00e0 cette option (92%), alors que les proches du RN sont plus partag\u00e9s (40%) et que les sympathisants Ecologistes et PS sont minoritaires \u00e0 consid\u00e9rer cette option (1\/4).<\/li>\n<\/ul>\n\n\n\n<p>T\u00e9l\u00e9charger le\u00a0<a href=\"https:\/\/tolunacorporate.com\/wp-content\/uploads\/2025\/05\/Rapport-Harris-Interactive-Etude-flash-nomination-de-Francois-Bayrou-LCI.pdf\" target=\"_blank\" rel=\"noreferrer noopener\">rapport complet<\/a><\/p>\n","protected":false},"excerpt":{"rendered":"<p>Enqu\u00eate r\u00e9alis\u00e9e en ligne le 13 d\u00e9cembre 2024 (apr\u00e8s la nomination de<\/p>\n","protected":false},"author":59,"featured_media":13508,"comment_status":"closed","ping_status":"closed","sticky":false,"template":"","format":"standard","meta":{"_acf_changed":false,"_toluna_hide_sidebar":false,"footnotes":""},"categories":[233],"tags":[101],"class_list":["post-13507","post","type-post","status-publish","format-standard","has-post-thumbnail","hentry","category-france-fr","tag-poll-2","entry"],"acf":[],"_links":{"self":[{"href":"https:\/\/tolunacorporate.com\/fr\/wp-json\/wp\/v2\/posts\/13507","targetHints":{"allow":["GET"]}}],"collection":[{"href":"https:\/\/tolunacorporate.com\/fr\/wp-json\/wp\/v2\/posts"}],"about":[{"href":"https:\/\/tolunacorporate.com\/fr\/wp-json\/wp\/v2\/types\/post"}],"author":[{"embeddable":true,"href":"https:\/\/tolunacorporate.com\/fr\/wp-json\/wp\/v2\/users\/59"}],"replies":[{"embeddable":true,"href":"https:\/\/tolunacorporate.com\/fr\/wp-json\/wp\/v2\/comments?post=13507"}],"version-history":[{"count":0,"href":"https:\/\/tolunacorporate.com\/fr\/wp-json\/wp\/v2\/posts\/13507\/revisions"}],"wp:featuredmedia":[{"embeddable":true,"href":"https:\/\/tolunacorporate.com\/fr\/wp-json\/wp\/v2\/media\/13508"}],"wp:attachment":[{"href":"https:\/\/tolunacorporate.com\/fr\/wp-json\/wp\/v2\/media?parent=13507"}],"wp:term":[{"taxonomy":"category","embeddable":true,"href":"https:\/\/tolunacorporate.com\/fr\/wp-json\/wp\/v2\/categories?post=13507"},{"taxonomy":"post_tag","embeddable":true,"href":"https:\/\/tolunacorporate.com\/fr\/wp-json\/wp\/v2\/tags?post=13507"}],"curies":[{"name":"wp","href":"https:\/\/api.w.org\/{rel}","templated":true}]}}