
{"id":13597,"date":"2024-11-12T20:42:44","date_gmt":"2024-11-12T19:42:44","guid":{"rendered":"https:\/\/tolunacorporate.com\/?p=13597"},"modified":"2025-05-10T19:29:32","modified_gmt":"2025-05-10T17:29:32","slug":"les-francais-et-les-nouvelles-mesures-pour-lecole","status":"publish","type":"post","link":"https:\/\/tolunacorporate.com\/fr\/les-francais-et-les-nouvelles-mesures-pour-lecole\/","title":{"rendered":"Les Fran\u00e7ais et les nouvelles mesures pour l\u2019Ecole"},"content":{"rendered":"\n<h5 class=\"wp-block-heading\">Enqu\u00eate r\u00e9alis\u00e9e&nbsp;<strong>en ligne&nbsp;<\/strong>du&nbsp;<strong>31 octobre<\/strong>&nbsp;au&nbsp;<strong>4 novembre&nbsp;<\/strong>2024. \u00c9chantillon de&nbsp;<strong>1028<\/strong>&nbsp;personnes repr\u00e9sentatif des Fran\u00e7ais \u00e2g\u00e9s de 18 ans et plus. M\u00e9thode des quotas et redressement appliqu\u00e9s aux variables suivantes : sexe, \u00e2ge, cat\u00e9gorie socioprofessionnelle, r\u00e9gion et taille d\u2019agglom\u00e9ration de l\u2019interview\u00e9(e).<\/h5>\n\n\n\n<p><strong>Paris, le mardi 12 novembre,<\/strong><\/p>\n\n\n\n<p>Le Minist\u00e8re de l\u2019Education Nationale a confi\u00e9 \u00e0 Harris Interactive la r\u00e9alisation d\u2019une \u00e9tude sur la perception qu\u2019ont les Fran\u00e7ais de diff\u00e9rentes mesures concernant l\u2019\u00e9cole et sur leur regard sur l\u2019enjeu particulier du harc\u00e8lement scolaire.<\/p>\n\n\n\n<p>T\u00e9l\u00e9charger le\u00a0<a href=\"https:\/\/tolunacorporate.com\/wp-content\/uploads\/2025\/05\/Rapport-Toluna-Harris-Les-Francais-et-les-nouvelles-mesures-pour-lEcole-1.pdf\" target=\"_blank\" rel=\"noreferrer noopener\">rapport complet<\/a><\/p>\n\n\n\n<p><strong>Que retenir de cette enqu\u00eate ?<\/strong><\/p>\n\n\n\n<p>L\u2019enqu\u00eate r\u00e9v\u00e8le que les Fran\u00e7ais se montrent majoritairement favorables aux mesures test\u00e9es, notamment la refonte des programmes des classes de CP au CE2 avec un accent mis sur les fondamentaux en math\u00e9matiques et en fran\u00e7ais ou l\u2019instauration de groupes de besoin au coll\u00e8ge. La mise en place de tenues vestimentaires communes pour les \u00e9l\u00e8ves de primaire au lyc\u00e9e re\u00e7oit \u00e9galement l\u2019approbation d\u2019une majorit\u00e9 de Fran\u00e7ais, m\u00eame s\u2019ils sont plus r\u00e9serv\u00e9s concernant son application en maternelle.<\/p>\n\n\n\n<p>Par ailleurs, la question du harc\u00e8lement \u00e0 l\u2019\u00e9cole est quasi-unanimement consid\u00e9r\u00e9e comme importante et pr\u00e8s de 8 Fran\u00e7ais sur 10 estiment m\u00eame que c\u2019est un sujet prioritaire. Pour autant, ils sont plus de la moiti\u00e9 \u00e0 avoir le sentiment de mal conna\u00eetre les mesures appliqu\u00e9es vis-\u00e0-vis des \u00e9l\u00e8ves qui harc\u00e8lent leurs camarades. Enfin, face au harc\u00e8lement scolaire, ils t\u00e9moignent de leur volont\u00e9 de fermet\u00e9, puisque si plus de 2\/3 d\u2019entre eux estiment que la mesure visant \u00e0 expulser un \u00e9l\u00e8ve harceleur sans accord de ses parents actuellement en vigueur au sein de premier cycle (maternelle, primaire) est adapt\u00e9e, une tr\u00e8s large majorit\u00e9 souhaiteraient qu\u2019elle soit accompagn\u00e9e de sanctions encore plus s\u00e9v\u00e8res et \u00e9tendue \u00e0 l\u2019ensemble des niveaux d\u2019enseignement.<\/p>\n\n\n\n<p>T\u00e9l\u00e9charger le\u00a0<a href=\"https:\/\/tolunacorporate.com\/wp-content\/uploads\/2025\/05\/Rapport-Toluna-Harris-Les-Francais-et-les-nouvelles-mesures-pour-lEcole.pdf\" target=\"_blank\" rel=\"noreferrer noopener\">rapport complet<\/a><\/p>\n","protected":false},"excerpt":{"rendered":"<p>Enqu\u00eate r\u00e9alis\u00e9e&nbsp;en ligne&nbsp;du&nbsp;31 octobre&nbsp;au&nbsp;4 novembre&nbsp;2024. \u00c9chantillon de&nbsp;1028&nbsp;personnes repr\u00e9sentatif des Fran\u00e7ais \u00e2g\u00e9s de<\/p>\n","protected":false},"author":59,"featured_media":13598,"comment_status":"closed","ping_status":"closed","sticky":false,"template":"","format":"standard","meta":{"_acf_changed":false,"_toluna_hide_sidebar":false,"footnotes":""},"categories":[233],"tags":[101],"class_list":["post-13597","post","type-post","status-publish","format-standard","has-post-thumbnail","hentry","category-france-fr","tag-poll-2","entry"],"acf":[],"_links":{"self":[{"href":"https:\/\/tolunacorporate.com\/fr\/wp-json\/wp\/v2\/posts\/13597","targetHints":{"allow":["GET"]}}],"collection":[{"href":"https:\/\/tolunacorporate.com\/fr\/wp-json\/wp\/v2\/posts"}],"about":[{"href":"https:\/\/tolunacorporate.com\/fr\/wp-json\/wp\/v2\/types\/post"}],"author":[{"embeddable":true,"href":"https:\/\/tolunacorporate.com\/fr\/wp-json\/wp\/v2\/users\/59"}],"replies":[{"embeddable":true,"href":"https:\/\/tolunacorporate.com\/fr\/wp-json\/wp\/v2\/comments?post=13597"}],"version-history":[{"count":0,"href":"https:\/\/tolunacorporate.com\/fr\/wp-json\/wp\/v2\/posts\/13597\/revisions"}],"wp:featuredmedia":[{"embeddable":true,"href":"https:\/\/tolunacorporate.com\/fr\/wp-json\/wp\/v2\/media\/13598"}],"wp:attachment":[{"href":"https:\/\/tolunacorporate.com\/fr\/wp-json\/wp\/v2\/media?parent=13597"}],"wp:term":[{"taxonomy":"category","embeddable":true,"href":"https:\/\/tolunacorporate.com\/fr\/wp-json\/wp\/v2\/categories?post=13597"},{"taxonomy":"post_tag","embeddable":true,"href":"https:\/\/tolunacorporate.com\/fr\/wp-json\/wp\/v2\/tags?post=13597"}],"curies":[{"name":"wp","href":"https:\/\/api.w.org\/{rel}","templated":true}]}}