
{"id":13687,"date":"2024-10-04T21:12:57","date_gmt":"2024-10-04T19:12:57","guid":{"rendered":"https:\/\/tolunacorporate.com\/?p=13687"},"modified":"2025-05-10T20:59:01","modified_gmt":"2025-05-10T18:59:01","slug":"les-francais-et-la-sante-mentale","status":"publish","type":"post","link":"https:\/\/tolunacorporate.com\/fr\/les-francais-et-la-sante-mentale\/","title":{"rendered":"Les Fran\u00e7ais et la sant\u00e9 mentale"},"content":{"rendered":"\n<h5 class=\"wp-block-heading\">Enqu\u00eate r\u00e9alis\u00e9e&nbsp;<strong>en ligne&nbsp;<\/strong>du 20 au 23 septembre2024. \u00c9chantillon de&nbsp;<strong>1 004<\/strong>&nbsp;personnes repr\u00e9sentatif des Fran\u00e7ais \u00e2g\u00e9s de 18 ans et plus. M\u00e9thode des quotas et redressement appliqu\u00e9s aux variables suivantes : sexe, \u00e2ge, cat\u00e9gorie socioprofessionnelle, r\u00e9gion et taille d\u2019agglom\u00e9ration de l\u2019interview\u00e9(e).<\/h5>\n\n\n\n<p><strong>Paris, le 4 octobre,<\/strong><\/p>\n\n\n\n<ul class=\"wp-block-list\">\n<li>D\u2019une mani\u00e8re g\u00e9n\u00e9rale, les Fran\u00e7ais semblent plut\u00f4t avoir le moral :&nbsp;<strong>les trois quarts d\u2019entre eux indiquent avoir un bon moral actuellement.&nbsp;<\/strong>Un moral susceptible d\u2019\u00eatre influenc\u00e9 par quatre principaux facteurs selon les Fran\u00e7ais :&nbsp;<strong>leur situation \u00e9conomique (43%), leur sant\u00e9 (42%), leur situation familiale (40%) et la qualit\u00e9 de leur sommeil (39%), les autres facteurs s\u2019av\u00e9rant un peu plus secondaires.<\/strong>&nbsp;Par ailleurs, les baisses de moral s\u2019av\u00e8rent relativement temporaires chez les Fran\u00e7ais : pour les trois quarts d\u2019entre eux, elles n\u2019exc\u00e8dent pas une semaine (77%), ni m\u00eame quelques heures pour la moiti\u00e9 d\u2019entre eux (49%).&nbsp;<strong>Mais malgr\u00e9 un moral assez bon, les Fran\u00e7ais sont nombreux \u00e0 pr\u00e9senter des signes \u00e0 ne pas n\u00e9gliger pour leur sant\u00e9 mentale, comme des difficult\u00e9s \u00e0 dormir (52%) ou une sensation de fatigue intense (46%).&nbsp;<\/strong>La plupart du temps, ces difficult\u00e9s restent peu fr\u00e9quentes, quoique non n\u00e9gligeables :&nbsp;<strong>1 Fran\u00e7ais sur 10 indique ressentir des signes qui, lorsqu\u2019ils se prolongent, peuvent \u00eatre des sympt\u00f4mes de d\u00e9pression.<\/strong><\/li>\n<\/ul>\n\n\n\n<ul class=\"wp-block-list\">\n<li>Concernant le cas sp\u00e9cifique de la d\u00e9pression, la maladie semble relativement identifi\u00e9e par les Fran\u00e7ais :&nbsp;<strong>66% d\u2019entre eux d\u00e9clarent qu\u2019ils seraient en mesure d\u2019en identifier les signes chez un proche et 67% pour eux-m\u00eames<\/strong>, bien que cette capacit\u00e9 d\u2019identification soit relative, moins d\u2019un quart d\u2019entre eux se montrant tout \u00e0 fait s\u00fbrs d\u2019eux. Pour les Fran\u00e7ais, la d\u00e9pression constitue une maladie \u00e0 proprement parler (85%), qui peut emp\u00eacher les personnes concern\u00e9es (90%), mais aussi leur entourage (87%), de vivre normalement. Pourtant, par contraste,<strong>&nbsp;ils jugent g\u00e9n\u00e9ralement qu\u2019il s\u2019agit d\u2019une pathologie qui n\u2019est pas suffisamment prise au s\u00e9rieux, ni dans la population (43%), ni par le syst\u00e8me de soins en France (49%).<\/strong><\/li>\n<\/ul>\n\n\n\n<ul class=\"wp-block-list\">\n<li>En mati\u00e8re de traitement de la d\u00e9pression,&nbsp;<strong>les proches (85%) et les professionnels de la sant\u00e9 mentale comme les psychologues (80%) sont consid\u00e9r\u00e9s comme les plus utiles pour aider une personne pr\u00e9sentant des sympt\u00f4mes de d\u00e9pression<\/strong>, tandis que l\u2019utilit\u00e9 de la m\u00e9decine du travail (57%), des hypnoth\u00e9rapeutes (56%) et des pharmaciens (46%) fait davantage d\u00e9bat. Enfin, la consultation d\u2019un psychologue ne concerne qu\u2019une minorit\u00e9 de Fran\u00e7ais (32%), m\u00eame si 12% d\u2019entre eux font part d\u2019un besoin de consultation.<\/li>\n<\/ul>\n\n\n\n<p>T\u00e9l\u00e9charger le\u00a0<a href=\"https:\/\/tolunacorporate.com\/wp-content\/uploads\/2025\/05\/Rapport-Toluna-Harris-Observatoire-de-la-sante-La-sante-mentale-Vague-14-PRO-BTP-RTL.pdf\" target=\"_blank\" rel=\"noreferrer noopener\">rapport complet<\/a><\/p>\n","protected":false},"excerpt":{"rendered":"<p>Enqu\u00eate r\u00e9alis\u00e9e&nbsp;en ligne&nbsp;du 20 au 23 septembre2024. \u00c9chantillon de&nbsp;1 004&nbsp;personnes repr\u00e9sentatif des<\/p>\n","protected":false},"author":59,"featured_media":13688,"comment_status":"closed","ping_status":"closed","sticky":false,"template":"","format":"standard","meta":{"_acf_changed":false,"_toluna_hide_sidebar":false,"footnotes":""},"categories":[233],"tags":[101],"class_list":["post-13687","post","type-post","status-publish","format-standard","has-post-thumbnail","hentry","category-france-fr","tag-poll-2","entry"],"acf":[],"_links":{"self":[{"href":"https:\/\/tolunacorporate.com\/fr\/wp-json\/wp\/v2\/posts\/13687","targetHints":{"allow":["GET"]}}],"collection":[{"href":"https:\/\/tolunacorporate.com\/fr\/wp-json\/wp\/v2\/posts"}],"about":[{"href":"https:\/\/tolunacorporate.com\/fr\/wp-json\/wp\/v2\/types\/post"}],"author":[{"embeddable":true,"href":"https:\/\/tolunacorporate.com\/fr\/wp-json\/wp\/v2\/users\/59"}],"replies":[{"embeddable":true,"href":"https:\/\/tolunacorporate.com\/fr\/wp-json\/wp\/v2\/comments?post=13687"}],"version-history":[{"count":0,"href":"https:\/\/tolunacorporate.com\/fr\/wp-json\/wp\/v2\/posts\/13687\/revisions"}],"wp:featuredmedia":[{"embeddable":true,"href":"https:\/\/tolunacorporate.com\/fr\/wp-json\/wp\/v2\/media\/13688"}],"wp:attachment":[{"href":"https:\/\/tolunacorporate.com\/fr\/wp-json\/wp\/v2\/media?parent=13687"}],"wp:term":[{"taxonomy":"category","embeddable":true,"href":"https:\/\/tolunacorporate.com\/fr\/wp-json\/wp\/v2\/categories?post=13687"},{"taxonomy":"post_tag","embeddable":true,"href":"https:\/\/tolunacorporate.com\/fr\/wp-json\/wp\/v2\/tags?post=13687"}],"curies":[{"name":"wp","href":"https:\/\/api.w.org\/{rel}","templated":true}]}}