
{"id":13975,"date":"2024-06-18T23:06:10","date_gmt":"2024-06-18T21:06:10","guid":{"rendered":"https:\/\/tolunacorporate.com\/?p=13975"},"modified":"2025-05-10T22:43:43","modified_gmt":"2025-05-10T20:43:43","slug":"les-francais-et-la-prevention-contre-le-vih","status":"publish","type":"post","link":"https:\/\/tolunacorporate.com\/fr\/les-francais-et-la-prevention-contre-le-vih\/","title":{"rendered":"Les Fran\u00e7ais et la pr\u00e9vention contre le VIH"},"content":{"rendered":"\n<h5 class=\"wp-block-heading\">Enqu\u00eate r\u00e9alis\u00e9e&nbsp;<strong>en ligne&nbsp;<\/strong>du&nbsp;<strong>7<\/strong>&nbsp;au&nbsp;<strong>11 juin&nbsp;<\/strong>2024. \u00c9chantillon de&nbsp;<strong>2 051<\/strong>&nbsp;personnes repr\u00e9sentatif de la population fran\u00e7aise \u00e2g\u00e9e de 15 ans et plus. M\u00e9thode des quotas et redressement appliqu\u00e9s aux variables suivantes : sexe, \u00e2ge, cat\u00e9gorie socioprofessionnelle et r\u00e9gion de l\u2019interview\u00e9(e).<\/h5>\n\n\n\n<p><strong>Paris, 18 juin,<\/strong><\/p>\n\n\n\n<p>Aujourd\u2019hui,&nbsp;<strong>6 Fran\u00e7ais sur 10 estiment que l\u2019on ne parle pas assez du VIH<\/strong>. Plus globalement, plus de la moiti\u00e9 des Fran\u00e7ais estiment que l\u2019on ne parle pas assez des diff\u00e9rents sujets li\u00e9s \u00e0 la sexualit\u00e9 mentionn\u00e9s, qu\u2019il s\u2019agisse des diff\u00e9rentes IST, des troubles sexuels, du consentement ou encore des violences sexuelles. Notons n\u00e9anmoins que les IST autres que le VIH (chlamydia, gonorrh\u00e9e, syphilis, papillomavirus, etc.) apparaissent au premier rang des th\u00e8mes dont il faudrait parler davantage aux yeux des Fran\u00e7ais, devant le VIH lui-m\u00eame. Quant \u00e0 l\u2019id\u00e9e que l\u2019on parlerait \u00ab&nbsp;trop&nbsp;\u00bb de ces diff\u00e9rents sujets, elle appara\u00eet aujourd\u2019hui marginale (moins d\u20191 personne sur 10 pour la plupart des sujets). Les moins de 35 ans, et en particulier les femmes de cette tranche d\u2019\u00e2ge, ne montrent pas les m\u00eames pr\u00e9occupations que leurs a\u00een\u00e9s, mettant d\u2019abord l\u2019accent sur les troubles sexuels avant les IST et le VIH. Enfin, on remarque que les hommes de moins de 35 sont plut\u00f4t en retrait sur l\u2019ensemble de ces questions par rapport au reste de la population.<\/p>\n\n\n\n<p>De prime abord,&nbsp;<strong>les Fran\u00e7ais se sentent bien inform\u00e9s<\/strong>&nbsp;<strong>sur le sujet du VIH&nbsp;<\/strong>(82%, dont 22% \u00ab&nbsp;tr\u00e8s bien inform\u00e9s&nbsp;\u00bb). Une opinion relativement stable depuis 3 ans, et particuli\u00e8rement forte chez les g\u00e9n\u00e9rations plus \u00e2g\u00e9es. N\u00e9anmoins, dans le d\u00e9tail, les moyens de transmission du virus ne sont pas toujours bien identifi\u00e9s. Les relations sexuelles non prot\u00e9g\u00e9es avec p\u00e9n\u00e9tration et le contact du sang sont les situations per\u00e7ues comme les plus \u00e0 risque, devant la transmission \u00e0 l\u2019enfant pendant la gestation. Mais surtout, les Fran\u00e7ais font peu la diff\u00e9rence entre les situations avec et sans traitement, comme si le traitement n\u2019avait pas d\u2019impact sur la transmission \u00e0 leurs yeux. Et pour cause,&nbsp;<strong>ils connaissent encore assez mal la&nbsp;<\/strong><strong>PrEP<\/strong>, puisque seuls 28% indiquent en avoir d\u00e9j\u00e0 entendu parler. Quant aux autres moyens de pr\u00e9vention possibles, ils identifient bien le pr\u00e9servatif (per\u00e7u comme le moyen de pr\u00e9vention le plus efficace derri\u00e8re l\u2019abstinence), mais voient peu les autres mesures \u00e9voqu\u00e9es (d\u00e9pistage, traitement d\u2019urgence post-exposition, PrEP) comme des moyens de se prot\u00e9ger. N\u00e9anmoins, lorsqu\u2019ils consid\u00e8rent ces diff\u00e9rentes mesures comme des moyens de pr\u00e9vention, les Fran\u00e7ais se montrent&nbsp;<strong>conscients que celles-ci ne peuvent offrir une protection infaillible contre le virus<\/strong>. M\u00eame le pr\u00e9servatif est per\u00e7u comme un \u00e9l\u00e9ment qui \u00ab&nbsp;prot\u00e8ge mais pas \u00e0 100%&nbsp;\u00bb par une majorit\u00e9 (53%).<\/p>\n\n\n\n<p>Le VIH\/sida&nbsp;<strong>garde aujourd\u2019hui l\u2019image d\u2019une maladie effrayante&nbsp;<\/strong>(82%), et dont on meurt encore beaucoup (66%). Rares sont ceux qui la caract\u00e9risent comme une maladie du pass\u00e9 (13%). Il conserve \u00e9galement l\u2019image d\u2019une maladie qui ne se gu\u00e9rit pas aupr\u00e8s d\u2019une majorit\u00e9 de la population (63%), m\u00eame si 33% pensent le contraire. L\u2019image de la maladie n\u2019est que peu influenc\u00e9e par l\u2019orientation sexuelle mais diff\u00e8re en revanche selon l\u2019\u00e2ge, avec une peur plus marqu\u00e9e chez les g\u00e9n\u00e9rations les plus \u00e2g\u00e9es, et&nbsp;<strong>une distance plus grande chez les plus jeunes qui y voient davantage une maladie du pass\u00e9<\/strong>. Ainsi, l\u2019id\u00e9e qu\u2019avoir un rapport non prot\u00e9g\u00e9 est moins dangereux que par le pass\u00e9, certes minoritaire dans l\u2019ensemble (23%), s\u2019av\u00e8re nettement plus r\u00e9pandue chez les moins de 35 ans (39%). L\u2019id\u00e9e que la plupart des IST aujourd\u2019hui ne sont pas graves et se soignent facilement est \u00e9galement plus r\u00e9pandue chez les plus jeunes que leurs a\u00een\u00e9s (41% contre 36% en moyenne), tout comme l\u2019id\u00e9e que les pr\u00e9servatifs sont aujourd\u2019hui utilis\u00e9s pour \u00e9viter une grossesse plut\u00f4t que contre le VIH et les IST (63% contre 55% en moyenne). Quant au risque per\u00e7u d\u2019\u00eatre touch\u00e9 par le virus, si 1 Fran\u00e7ais sur 3 le consid\u00e8re \u00e9lev\u00e9 pour la population fran\u00e7aise en g\u00e9n\u00e9ral,&nbsp;<strong>seuls 13% consid\u00e8rent ce risque \u00e9lev\u00e9 pour eux personnellement<\/strong>. Un chiffre plus \u00e9lev\u00e9 chez les moins de 35 ans mais sans diff\u00e9rence tr\u00e8s nette selon l\u2019orientation sexuelle. Cependant, l\u2019impression d\u2019avoir un risque \u00ab&nbsp;tr\u00e8s faible&nbsp;\u00bb d\u2019\u00eatre infect\u00e9 concerne davantage les personnes h\u00e9t\u00e9rosexuelles (58%) que les personnes homosexuelles (29%), qui \u00e9voquent plus souvent un risque \u00ab&nbsp;plut\u00f4t faible&nbsp;\u00bb.<\/p>\n\n\n\n<p>Face au VIH, les Fran\u00e7ais montrent des&nbsp;<strong>comportements de protection r\u00e9els mais pas toujours syst\u00e9matiques<\/strong>. En effet, chez les 52% de Fran\u00e7ais qui indiquent avoir rencontr\u00e9 au moins un nouveau partenaire sexuel au cours des derni\u00e8res ann\u00e9es,&nbsp;<strong>plus de la moiti\u00e9 indiquent ne pas s\u2019\u00eatre prot\u00e9g\u00e9s syst\u00e9matiquement<\/strong>&nbsp;(53%). Un chiffre en hausse par rapport \u00e0 2020 (+4 points) et plus fr\u00e9quemment rapport\u00e9 chez les homosexuel(les) que la moyenne. La raison la plus souvent avanc\u00e9e est la&nbsp;<strong>confiance accord\u00e9e au partenaire<\/strong>, et ce, chez toutes les tranches d\u2019\u00e2ge. Le confort et le fait de ne pas avoir de pr\u00e9servatifs sur soi sont \u00e9galement souvent mentionn\u00e9s. En revanche, la question du co\u00fbt des pr\u00e9servatifs n\u2019appara\u00eet pas parmi les premi\u00e8res raisons invoqu\u00e9es \u2013 d\u2019ailleurs, la gratuit\u00e9 des pr\u00e9servatifs pour les moins de 26 ans n\u2019est que partiellement connue de la population, m\u00eame chez les premiers concern\u00e9s : seul 1 jeune de 15 \u00e0 25 ans sur 2 indique \u00eatre au courant de cette mesure. Concernant le d\u00e9pistage, s\u2019il est appliqu\u00e9, il est encore loin d\u2019\u00eatre un r\u00e9flexe infaillible.&nbsp;<strong>Pr\u00e8s d\u20191 Fran\u00e7ais sur 3 avoue ne pas se faire d\u00e9pister syst\u00e9matiquement en cas de rapport \u00e0 risque<\/strong>, et davantage encore chez les personnes homosexuelles et les moins de 35 ans. Parmi les premi\u00e8res raisons invoqu\u00e9es, l\u2019impression de ne pas se sentir concern\u00e9, l\u2019absence de sympt\u00f4mes et le fait de procrastiner.<\/p>\n\n\n\n<p>Pour parler du VIH, les interlocuteurs privil\u00e9gi\u00e9s des Fran\u00e7ais sont d\u2019abord les&nbsp;<strong>professionnels de sant\u00e9<\/strong>, avec qui il appara\u00eet facile, voire tr\u00e8s facile, d\u2019aborder le sujet. Chez les femmes, le gyn\u00e9cologue appara\u00eet comme l\u2019interlocuteur avec qui il est le plus facile d\u2019en parler. Chez les moins de 35 ans, le sujet semble l\u00e9g\u00e8rement plus d\u00e9licat \u00e0 aborder d\u2019une mani\u00e8re g\u00e9n\u00e9rale, et notamment avec le m\u00e9decin de famille, tandis que&nbsp;<strong>les parents apparaissent comme les derniers interlocuteurs envisag\u00e9s<\/strong>. Et pourtant, de leur c\u00f4t\u00e9, les parents semblent aborder le sujet plut\u00f4t facilement avec leurs enfants : pr\u00e8s des \u00be d\u2019entre eux indiquent en avoir d\u00e9j\u00e0 parl\u00e9 avec leur enfant \u00e2g\u00e9 de 10 \u00e0 25 ans, dont 47% d\u00e9clarent l\u2019avoir fait spontan\u00e9ment.<\/p>\n\n\n\n<p>Enfin,&nbsp;<strong>parmi les diff\u00e9rents canaux possibles pour s\u2019informer sur le VIH<\/strong>, quel que soit leur \u00e2ge, les Fran\u00e7ais privil\u00e9gient nettement les&nbsp;<strong>sites institutionnels<\/strong>, loin devant les articles de revues sp\u00e9cialis\u00e9es, les \u00e9missions TV, les forums ou les vid\u00e9os d\u2019influenceurs. Cependant, notons que les moins de 35 ans s\u2019appuient l\u00e9g\u00e8rement davantage sur les forums, leur entourage ou encore les vid\u00e9os d\u2019influenceurs par rapport \u00e0 leurs a\u00een\u00e9s.<\/p>\n\n\n\n<p>T\u00e9l\u00e9charger le\u00a0<a href=\"https:\/\/tolunacorporate.com\/wp-content\/uploads\/2025\/05\/Rapport-Harris-Les-Francais-et-la-prevention-contre-le-VIH-Gilead-V3.pdf\" target=\"_blank\" rel=\"noreferrer noopener\">rapport complet<\/a><\/p>\n","protected":false},"excerpt":{"rendered":"<p>Enqu\u00eate r\u00e9alis\u00e9e&nbsp;en ligne&nbsp;du&nbsp;7&nbsp;au&nbsp;11 juin&nbsp;2024. \u00c9chantillon de&nbsp;2 051&nbsp;personnes repr\u00e9sentatif de la population fran\u00e7aise<\/p>\n","protected":false},"author":59,"featured_media":13976,"comment_status":"closed","ping_status":"closed","sticky":false,"template":"","format":"standard","meta":{"_acf_changed":false,"_toluna_hide_sidebar":false,"footnotes":""},"categories":[233],"tags":[101],"class_list":["post-13975","post","type-post","status-publish","format-standard","has-post-thumbnail","hentry","category-france-fr","tag-poll-2","entry"],"acf":[],"_links":{"self":[{"href":"https:\/\/tolunacorporate.com\/fr\/wp-json\/wp\/v2\/posts\/13975","targetHints":{"allow":["GET"]}}],"collection":[{"href":"https:\/\/tolunacorporate.com\/fr\/wp-json\/wp\/v2\/posts"}],"about":[{"href":"https:\/\/tolunacorporate.com\/fr\/wp-json\/wp\/v2\/types\/post"}],"author":[{"embeddable":true,"href":"https:\/\/tolunacorporate.com\/fr\/wp-json\/wp\/v2\/users\/59"}],"replies":[{"embeddable":true,"href":"https:\/\/tolunacorporate.com\/fr\/wp-json\/wp\/v2\/comments?post=13975"}],"version-history":[{"count":0,"href":"https:\/\/tolunacorporate.com\/fr\/wp-json\/wp\/v2\/posts\/13975\/revisions"}],"wp:featuredmedia":[{"embeddable":true,"href":"https:\/\/tolunacorporate.com\/fr\/wp-json\/wp\/v2\/media\/13976"}],"wp:attachment":[{"href":"https:\/\/tolunacorporate.com\/fr\/wp-json\/wp\/v2\/media?parent=13975"}],"wp:term":[{"taxonomy":"category","embeddable":true,"href":"https:\/\/tolunacorporate.com\/fr\/wp-json\/wp\/v2\/categories?post=13975"},{"taxonomy":"post_tag","embeddable":true,"href":"https:\/\/tolunacorporate.com\/fr\/wp-json\/wp\/v2\/tags?post=13975"}],"curies":[{"name":"wp","href":"https:\/\/api.w.org\/{rel}","templated":true}]}}