
{"id":13993,"date":"2024-06-11T23:11:22","date_gmt":"2024-06-11T21:11:22","guid":{"rendered":"https:\/\/tolunacorporate.com\/?p=13993"},"modified":"2025-05-10T22:51:27","modified_gmt":"2025-05-10T20:51:27","slug":"reaction-des-francais-a-la-dissolution-de-lassemblee-nationale","status":"publish","type":"post","link":"https:\/\/tolunacorporate.com\/fr\/reaction-des-francais-a-la-dissolution-de-lassemblee-nationale\/","title":{"rendered":"R\u00e9action des Fran\u00e7ais \u00e0 la dissolution de l\u2019Assembl\u00e9e nationale"},"content":{"rendered":"\n<h5 class=\"wp-block-heading\">Enqu\u00eate r\u00e9alis\u00e9e&nbsp;<strong>en ligne&nbsp;<\/strong>du&nbsp;<strong>9 au 10 juin 2024<\/strong>,&nbsp;<strong>apr\u00e8s l\u2019annonce de la dissolution de l\u2019Assembl\u00e9e nationale par le Pr\u00e9sident de la R\u00e9publique et la convocation d\u2019\u00e9lections l\u00e9gislatives anticip\u00e9es.&nbsp;<\/strong>\u00c9chantillon de&nbsp;<strong>2 744&nbsp;<\/strong>personnes repr\u00e9sentatif de la population fran\u00e7aise \u00e2g\u00e9e de 18 ans et plus, dont&nbsp;<strong>2 340&nbsp;<\/strong>personnes inscrites sur les listes \u00e9lectorales. M\u00e9thode des quotas et redressement appliqu\u00e9s aux variables suivantes : sexe, \u00e2ge, cat\u00e9gorie socioprofessionnelle, r\u00e9gion et comportement \u00e9lectoral ant\u00e9rieur de l\u2019interview\u00e9(e).<\/h5>\n\n\n\n<p><strong>Paris, le 11 juin,<\/strong><\/p>\n\n\n\n<p>Suite au r\u00e9sultat des \u00e9lections europ\u00e9ennes de 2024 et l\u2019annonce de la dissolution de l\u2019Assembl\u00e9e nationale entrainant la tenue d\u2019\u00e9lections l\u00e9gislatives anticip\u00e9es les 30 juin et 7 juillet prochain, Toluna Harris Interactive, en association avec Challenges, M6 et RTL ont r\u00e9alis\u00e9 une enqu\u00eate interrogeant le regard des Fran\u00e7ais sur la d\u00e9cision du Pr\u00e9sident de la R\u00e9publique de dissoudre l\u2019Assembl\u00e9e nationale. Ces donn\u00e9es sont issues d\u2019une enqu\u00eate r\u00e9alis\u00e9e en ligne dimanche 9 juin et lundi 10 juin, apr\u00e8s l\u2019annonce de la dissolution de l\u2019Assembl\u00e9e nationale par le Pr\u00e9sident de la R\u00e9publique et la convocation d\u2019\u00e9lections l\u00e9gislatives anticip\u00e9es<\/p>\n\n\n\n<p>.T\u00e9l\u00e9charger le\u00a0<a href=\"https:\/\/tolunacorporate.com\/wp-content\/uploads\/2025\/05\/Les-Francais-dans-le-contexte-de-la-dissolution-RTL-M6-Challenges-1-1.pdf\" target=\"_blank\" rel=\"noreferrer noopener\">rapport complet<\/a><\/p>\n\n\n\n<p><strong>Que retenir&nbsp;?<\/strong><\/p>\n\n\n\n<p>Apr\u00e8s l\u2019annonce de la dissolution de l\u2019Assembl\u00e9e nationale les Fran\u00e7ais portent un regard plut\u00f4t positif sur cette annonce. Les deux tiers estiment que la situation politique le n\u00e9cessitait et qu\u2019il s\u2019agit d\u2019une bonne chose car le Pr\u00e9sident tient compte du r\u00e9sultat des europ\u00e9ennes et que l\u2019absence de majorit\u00e9 absolue \u00e0 l\u2019Assembl\u00e9e \u00e9tait un probl\u00e8me. Notons que les sympathisants de Renaissance estiment \u00e9galement en majorit\u00e9 que la situation le n\u00e9cessitait et davantage encore que c\u2019est une bonne chose.<\/p>\n\n\n\n<p>2\/3 des Fran\u00e7ais estiment \u00e9galement que la dissolution de l\u2019Assembl\u00e9e nationale est une bonne chose car cela redonne \u00ab&nbsp;la parole&nbsp;\u00bb aux citoyens (partag\u00e9 par 8 sympathisants de Renaissance sur 10). N\u00e9anmoins cette annonce est \u00e9galement per\u00e7ue par une partie des Fran\u00e7ais (56%) comme un moyen pour le Pr\u00e9sident de la R\u00e9publique de conserver le pouvoir le plus longtemps possible.<\/p>\n\n\n\n<p>Moins de la moiti\u00e9 des Fran\u00e7ais souhaitent que Renaissance et ses alli\u00e9s disposent d\u2019une majorit\u00e9 \u00e0 l\u2019Assembl\u00e9e nationale \u00e0 l\u2019issue des prochaines \u00e9lections l\u00e9gislatives, dont 26% souhaiteraient une majorit\u00e9 relative. Un niveau qui a peu \u00e9volu\u00e9 par rapport aux mesures effectu\u00e9es lors de la derni\u00e8re l\u00e9gislature. En mars 2024, interrog\u00e9es sur une possible dissolution de l\u2019Assembl\u00e9e nationale et de nouvelles \u00e9lections l\u00e9gislatives, 47% des Fran\u00e7ais souhaitaient que Renaissance dispose d\u2019une majorit\u00e9, dont 29% une majorit\u00e9 relative. A ce sujet, les proches de Renaissance n\u2019appellent pas forc\u00e9ment de leurs v\u0153ux la constitution d\u2019une majorit\u00e9 absolue pour les d\u00e9put\u00e9s de leur formation de r\u00e9f\u00e9rence&nbsp;: 37% souhaiteraient une majorit\u00e9 relative comme c\u2019\u00e9tait le cas depuis les \u00e9lections de juin 2022.<\/p>\n\n\n\n<p>3\/4 des Fran\u00e7ais affirment fortement probable que le Rassemblement national arrive en t\u00eate \u00e0 l\u2019issue des \u00e9lections l\u00e9gislatives (un pronostic partag\u00e9 par une majorit\u00e9 de sympathisants de toutes les formations politiques, pas uniquement du RN). La nomination de Jordan Bardella comme Premier ministre apparait \u00e9galement probable (60% estiment qu\u2019il y aurait une forte probabilit\u00e9). Dans cette hypoth\u00e8se, la nomination de Jordan Bardella (ou de Marine Le Pen) comme Premier ministre serait per\u00e7ue comme une bonne chose pour 4 Fran\u00e7ais sur 10.<\/p>\n\n\n\n<p><\/p>\n","protected":false},"excerpt":{"rendered":"<p>Enqu\u00eate r\u00e9alis\u00e9e&nbsp;en ligne&nbsp;du&nbsp;9 au 10 juin 2024,&nbsp;apr\u00e8s l\u2019annonce de la dissolution de<\/p>\n","protected":false},"author":59,"featured_media":13994,"comment_status":"closed","ping_status":"closed","sticky":false,"template":"","format":"standard","meta":{"_acf_changed":false,"_toluna_hide_sidebar":false,"footnotes":""},"categories":[233],"tags":[101],"class_list":["post-13993","post","type-post","status-publish","format-standard","has-post-thumbnail","hentry","category-france-fr","tag-poll-2","entry"],"acf":[],"_links":{"self":[{"href":"https:\/\/tolunacorporate.com\/fr\/wp-json\/wp\/v2\/posts\/13993","targetHints":{"allow":["GET"]}}],"collection":[{"href":"https:\/\/tolunacorporate.com\/fr\/wp-json\/wp\/v2\/posts"}],"about":[{"href":"https:\/\/tolunacorporate.com\/fr\/wp-json\/wp\/v2\/types\/post"}],"author":[{"embeddable":true,"href":"https:\/\/tolunacorporate.com\/fr\/wp-json\/wp\/v2\/users\/59"}],"replies":[{"embeddable":true,"href":"https:\/\/tolunacorporate.com\/fr\/wp-json\/wp\/v2\/comments?post=13993"}],"version-history":[{"count":0,"href":"https:\/\/tolunacorporate.com\/fr\/wp-json\/wp\/v2\/posts\/13993\/revisions"}],"wp:featuredmedia":[{"embeddable":true,"href":"https:\/\/tolunacorporate.com\/fr\/wp-json\/wp\/v2\/media\/13994"}],"wp:attachment":[{"href":"https:\/\/tolunacorporate.com\/fr\/wp-json\/wp\/v2\/media?parent=13993"}],"wp:term":[{"taxonomy":"category","embeddable":true,"href":"https:\/\/tolunacorporate.com\/fr\/wp-json\/wp\/v2\/categories?post=13993"},{"taxonomy":"post_tag","embeddable":true,"href":"https:\/\/tolunacorporate.com\/fr\/wp-json\/wp\/v2\/tags?post=13993"}],"curies":[{"name":"wp","href":"https:\/\/api.w.org\/{rel}","templated":true}]}}