
{"id":14074,"date":"2024-06-04T23:30:05","date_gmt":"2024-06-04T21:30:05","guid":{"rendered":"https:\/\/tolunacorporate.com\/?p=14074"},"modified":"2025-05-10T23:11:04","modified_gmt":"2025-05-10T21:11:04","slug":"barometre-dintentions-de-vote-aux-elections-europeennes-2024-vague-18","status":"publish","type":"post","link":"https:\/\/tolunacorporate.com\/fr\/barometre-dintentions-de-vote-aux-elections-europeennes-2024-vague-18\/","title":{"rendered":"Barom\u00e8tre d\u2019intentions de vote aux \u00e9lections europ\u00e9ennes 2024 \u2013 Vague 18"},"content":{"rendered":"\n<h5 class=\"wp-block-heading\">Enqu\u00eate r\u00e9alis\u00e9e en ligne du 3 au 4 juin 2024. \u00c9chantillon de 2 520 personnes repr\u00e9sentatif de la population fran\u00e7aise \u00e2g\u00e9e de 18 ans et plus, dont 2 135 personnes inscrites sur les listes \u00e9lectorales fran\u00e7aises. M\u00e9thode des quotas et redressement appliqu\u00e9s aux variables suivantes : sexe, \u00e2ge, cat\u00e9gorie socioprofessionnelle, r\u00e9gion et comportement \u00e9lectoral ant\u00e9rieur de l\u2019interview\u00e9(e).<\/h5>\n\n\n\n<p><strong>Paris, le 4 juin,<\/strong><\/p>\n\n\n\n<p>Dans la perspective des \u00e9lections europ\u00e9ennes de 2024, Toluna Harris Interactive s\u2019associe avec Challenges, M6 et RTL afin de d\u00e9ployer un barom\u00e8tre d\u2019intentions de vote, d\u00e9sormais quotidien jusqu\u2019au 7 juin (avant-veille du scrutin).<\/p>\n\n\n\n<p>T\u00e9l\u00e9charger le\u00a0<a href=\"https:\/\/tolunacorporate.com\/wp-content\/uploads\/2025\/05\/Barometre-dintentions-de-vote-aux-elections-europeennes-2024-\u2013-Vague-18.pdf\" target=\"_blank\" rel=\"noreferrer noopener\">rapport complet<\/a><\/p>\n\n\n\n<p>Voici les enseignements de la derni\u00e8re vague de ce barom\u00e8tre :<\/p>\n\n\n\n<p>A 5 jours du scrutin, la<strong>&nbsp;liste RN men\u00e9e par Jordan Bardella est toujours largement en t\u00eate&nbsp;<\/strong>(32%, stable). En deuxi\u00e8me position, la liste de la majorit\u00e9 pr\u00e9sidentielle (14%, -0,5) compte un point d\u2019avance sur la liste PS-PP (13%, stable). La liste LFI men\u00e9e par Manon Aubry est toujours 4&nbsp;(9%, stable), devant les listes des R\u00e9publicains (7,5%, stable) et des Ecologistes (6%, stable).<\/p>\n\n\n\n<p>Pour aller plus loin et prendre du recul sur cette campagne \u00e9lectorale, Toluna Harris Interactive vous propose chaque jour son \u201c\u0152il \u201c. Aujourd\u2019hui, nous vous proposons de nous pencher&nbsp;<strong>sur l\u2019\u00e9volution de la connaissance de l\u2019Union europ\u00e9enne et de son fonctionnement par les Fran\u00e7ais au cours des 10 derni\u00e8res ann\u00e9es.&nbsp;<\/strong>Pour cela, nous avons pos\u00e9 en 2024 les m\u00eames questions d\u00e9j\u00e0 soumises aux Fran\u00e7ais \u00e0 quelques jours des \u00e9lections europ\u00e9ennes de 2014 et nous en comparons les r\u00e9sultats.<\/p>\n\n\n\n<p>Un peu moins&nbsp;<strong>d\u20191 Fran\u00e7ais sur 2 (45%) d\u00e9clarent bien connaitre le fonctionnement de l\u2019Union europ\u00e9enne et de ses institutions<\/strong>. Un niveau modeste mais qui a&nbsp;<strong>presque doubl\u00e9 en 10 ans<\/strong>&nbsp;: en 2014 seuls 23% des Fran\u00e7ais d\u00e9claraient bien connaitre les institutions europ\u00e9ennes.<\/p>\n\n\n\n<p>La connaissance de la composition de l\u2019Union europ\u00e9enne suit \u00e9galement la m\u00eame progression&nbsp;:&nbsp;<strong>44% sont capables de restituer spontan\u00e9ment le bon nombre de pays composant l\u2019Union europ\u00e9enne (27 depuis le d\u00e9part du Royaume-Uni en 2020), soit 15 points de plus que ce qui \u00e9tait mesur\u00e9 il y a 10 ans<\/strong>. Dans le d\u00e9tail et sans en avoir une connaissance tr\u00e8s pr\u00e9cise, les Fran\u00e7ais identifient plut\u00f4t bien les pays \u00e9tant membres de l\u2019Union europ\u00e9enne et ceux qui ne le sont pas (78% savent que le Danemark en fait partie, 71% la Finlande ou encore 68% la Roumanie) bien qu\u2019en l\u00e9g\u00e8re baisse depuis 10 ans. 84% savent \u00e9galement que le Royaume-Uni n\u2019en fait plus partie (15% seulement l\u2019associent encore \u00e0 l\u2019UE). Alors que l\u2019Ukraine est officiellement un pays candidat \u00e0 l\u2019int\u00e9gration dans l\u2019UE depuis 2 ans, 81% des Fran\u00e7ais savent n\u00e9anmoins qu\u2019elle ne fait pas encore partie de l\u2019UE.<\/p>\n\n\n\n<p><\/p>\n","protected":false},"excerpt":{"rendered":"<p>Enqu\u00eate r\u00e9alis\u00e9e en ligne du 3 au 4 juin 2024. \u00c9chantillon de<\/p>\n","protected":false},"author":59,"featured_media":14075,"comment_status":"closed","ping_status":"closed","sticky":false,"template":"","format":"standard","meta":{"_acf_changed":false,"_toluna_hide_sidebar":false,"footnotes":""},"categories":[233],"tags":[101],"class_list":["post-14074","post","type-post","status-publish","format-standard","has-post-thumbnail","hentry","category-france-fr","tag-poll-2","entry"],"acf":[],"_links":{"self":[{"href":"https:\/\/tolunacorporate.com\/fr\/wp-json\/wp\/v2\/posts\/14074","targetHints":{"allow":["GET"]}}],"collection":[{"href":"https:\/\/tolunacorporate.com\/fr\/wp-json\/wp\/v2\/posts"}],"about":[{"href":"https:\/\/tolunacorporate.com\/fr\/wp-json\/wp\/v2\/types\/post"}],"author":[{"embeddable":true,"href":"https:\/\/tolunacorporate.com\/fr\/wp-json\/wp\/v2\/users\/59"}],"replies":[{"embeddable":true,"href":"https:\/\/tolunacorporate.com\/fr\/wp-json\/wp\/v2\/comments?post=14074"}],"version-history":[{"count":0,"href":"https:\/\/tolunacorporate.com\/fr\/wp-json\/wp\/v2\/posts\/14074\/revisions"}],"wp:featuredmedia":[{"embeddable":true,"href":"https:\/\/tolunacorporate.com\/fr\/wp-json\/wp\/v2\/media\/14075"}],"wp:attachment":[{"href":"https:\/\/tolunacorporate.com\/fr\/wp-json\/wp\/v2\/media?parent=14074"}],"wp:term":[{"taxonomy":"category","embeddable":true,"href":"https:\/\/tolunacorporate.com\/fr\/wp-json\/wp\/v2\/categories?post=14074"},{"taxonomy":"post_tag","embeddable":true,"href":"https:\/\/tolunacorporate.com\/fr\/wp-json\/wp\/v2\/tags?post=14074"}],"curies":[{"name":"wp","href":"https:\/\/api.w.org\/{rel}","templated":true}]}}