
{"id":14188,"date":"2024-05-31T02:43:20","date_gmt":"2024-05-31T00:43:20","guid":{"rendered":"https:\/\/tolunacorporate.com\/?p=14188"},"modified":"2025-05-10T23:20:04","modified_gmt":"2025-05-10T21:20:04","slug":"barometre-de-confiance-politique-mai-2024","status":"publish","type":"post","link":"https:\/\/tolunacorporate.com\/fr\/barometre-de-confiance-politique-mai-2024\/","title":{"rendered":"Barom\u00e8tre de confiance politique \u2013 Mai 2024"},"content":{"rendered":"\n<h5 class=\"wp-block-heading\">Enqu\u00eate r\u00e9alis\u00e9e par Toluna Harris Interactive en ligne du 28 au 30 mai 2024. \u00c9chantillon de 1&nbsp;016 personnes, repr\u00e9sentatif des Fran\u00e7ais \u00e2g\u00e9s de 18 ans et plus. M\u00e9thode des quotas et redressement appliqu\u00e9s aux variables suivantes&nbsp;: sexe, \u00e2ge, cat\u00e9gorie socioprofessionnelle et r\u00e9gion de l\u2019interview\u00e9(e).<\/h5>\n\n\n\n<p><strong>Paris, le 31 mai,<\/strong><\/p>\n\n\n\n<p>Tous les mois, Toluna Harris Interactive r\u00e9alise en partenariat avec LCI un barom\u00e8tre de confiance politique.<\/p>\n\n\n\n<p>T\u00e9l\u00e9chargez le\u00a0<a href=\"https:\/\/tolunacorporate.com\/wp-content\/uploads\/2025\/05\/Barometre-de-confiance-politique-Toluna-Harris-Interactive-LCI_mai-2024.pdf\" target=\"_blank\" rel=\"noreferrer noopener\">rapport complet<\/a><\/p>\n\n\n\n<p>T\u00e9l\u00e9chargez la\u00a0<a href=\"https:\/\/tolunacorporate.com\/wp-content\/uploads\/2025\/05\/Note-danalyse-Toluna-Harris-Barometre-de-confiance-politique-Mai-2024-LCI.pdf\" target=\"_blank\" rel=\"noreferrer noopener\">note d\u2019analyse de Jean-Daniel L\u00e9vy<\/a><\/p>\n\n\n\n<p><strong>Des effets de la campagne des \u00e9lections europ\u00e9ennes sur la confiance dans les personnalit\u00e9s politiques<\/strong><\/p>\n\n\n\n<p>Apr\u00e8s avoir connu un regain le mois dernier, la confiance envers&nbsp;<strong>Emmanuel Macron poursuit sa trajectoire ascendante ce mois-ci (42%, +4).<\/strong>&nbsp;Fortement pr\u00e9sent au niveau international au cours de la derni\u00e8re p\u00e9riode, engag\u00e9 personnellement en Nouvelle-Cal\u00e9donie, le Pr\u00e9sident de la R\u00e9publique semble b\u00e9n\u00e9ficier de son implication en dehors de l\u2019hexagone. Dans la m\u00eame veine, apr\u00e8s deux mois de baisse, la confiance envers Gabriel Attal se stabilise en mai.&nbsp;<strong>Le Premier Ministre gagne 1 point de confiance (43%).<\/strong>&nbsp;Apr\u00e8s son d\u00e9bat face \u00e0 Jordan Bardella, Gabriel Attal voit son niveau de confiance cro\u00eetre de mani\u00e8re marqu\u00e9e chez les sympathisants de gauche (LFI : 38%, +5 ; PS : 41%, +4 ; Ecologistes : 46%, +4). Il progresse \u00e9galement, bien que de mani\u00e8re moins notable, chez les sympathisants de la majorit\u00e9 pr\u00e9sidentielle (90%, +2). Tout se passe comme si un certain nombre d\u2019annonces critiqu\u00e9es de la part de dirigeants de gauche, on pense ici \u00e0 celles relatives aux ch\u00f4meurs, n\u2019avaient pas eu d\u2019impact sur la confiance.<\/p>\n\n\n\n<p>Apr\u00e8s les \u00e9meutes survenues en Nouvelle-Cal\u00e9donie,&nbsp;<strong>G\u00e9rald Darmanin voit son niveau de confiance en baisse de 3 points (33%).<\/strong>&nbsp;Le ministre de l\u2019Int\u00e9rieur connait une diminution de sa confiance marqu\u00e9e chez les sympathisants de la majorit\u00e9 (70%, -8) mais reste stable \u00e0 Droite (52%, -2). De son c\u00f4t\u00e9,&nbsp;<strong>Bruno Le Maire voit sa trajectoire \u00e0 la baisse s\u2019arr\u00eater ce mois-ci. La confiance \u00e0 son \u00e9gard progresse pour la premi\u00e8re fois depuis quatre mois (33%, +2)&nbsp;<\/strong>et ce nettement chez les proches de la majorit\u00e9 pr\u00e9sidentielle (78%, +4) comme des LR (58%, +6).<\/p>\n\n\n\n<p><strong>\u00c9douard Philippe quant \u00e0 lui reste la personnalit\u00e9 enregistrant le plus de confiance de la part des Fran\u00e7ais (39%, -1).<\/strong>&nbsp;Le Maire du Havre b\u00e9n\u00e9ficie toujours de la confiance de la grande majorit\u00e9 des sympathisants Ensemble (84%, -2) et LR (65%, -5). Marine Le Pen, de son c\u00f4t\u00e9, enregistre la confiance de 33% des Fran\u00e7ais (-3) et reste la personnalit\u00e9 politique recueillant le plus de confiance aupr\u00e8s de ses sympathisants (91%, +3).<\/p>\n\n\n\n<p>Si l\u2019on se penche sur les personnalit\u00e9s impliqu\u00e9es dans le cadre des \u00e9lections europ\u00e9ennes, observons que&nbsp;<strong>Rapha\u00ebl Glucksmann est la neuvi\u00e8me personnalit\u00e9 hors gouvernement en qui les Fran\u00e7ais ont le plus confiance (27%, +4).<\/strong>&nbsp;Il s\u2019agit de la personnalit\u00e9 politique ayant connu la plus forte progression depuis avril. Il apparait comme la personnalit\u00e9 jouissant du plus haut niveau de confiance parmi les sympathisants PS (69%, +14) et progresse chez les sympathisants Ecologistes ce mois-ci (43%, +5). Il devance Fran\u00e7ois-Xavier Bellamy (21%, +3) mais se situe derri\u00e8re Marion Mar\u00e9chal (29%, stable). Le candidat LR voit la confiance s\u2019\u00e9tablir \u00e0 70% (-3) aupr\u00e8s des sympathisants LR, faisant de lui la personnalit\u00e9 jouissant du plus haut niveau de confiance aupr\u00e8s des sympathisants de droite.<\/p>\n\n\n\n<p>Si la confiance n\u2019est pas le vote, on le voit la dynamique de Rapha\u00ebl Glucksmann se retrouve ici pr\u00e9sente. De m\u00eame les prises de parole de Fran\u00e7ois-Xavier Bellamy l\u2019ont aid\u00e9 \u00e0 cro\u00eetre en notori\u00e9t\u00e9, identification et\u2026 confiance. Dans le m\u00eame \u00e9lan, on voit une d\u00e9corr\u00e9lation forte entre regard port\u00e9 sur Marion Mar\u00e9chal et intentions de vote pour la liste qu\u2019elle conduit dans un contexte o\u00f9 cette partie du champ politique est fortement pr\u00e9empt\u00e9e. Cette vague d\u2019enqu\u00eate permet de montrer qu\u2019en dehors du score obtenu par chacune des listes le 9 juin prochain lors des europ\u00e9ennes certaines personnalit\u00e9s seront parvenues \u00e0 \u00e9merger ou \u00e0 consolider leurs rapports aux Fran\u00e7ais.<\/p>\n\n\n\n<p>T\u00e9l\u00e9chargez aussi notre\u00a0<a href=\"https:\/\/tolunacorporate.com\/wp-content\/uploads\/2025\/05\/Rapport-Toluna-Harris-Interactive-Les-moyens-dinformation-des-Francais-dans-le-cadre-des-elections-europeennes-2024-LCI.pdf\" target=\"_blank\" rel=\"noreferrer noopener\">question du mois<\/a>\u00a0:<\/p>\n\n\n\n<p><strong>Les moyens d\u2019information des Fran\u00e7ais dans le cadre des \u00e9lections europ\u00e9ennes de 2024<\/strong><\/p>\n\n\n\n<p><\/p>\n","protected":false},"excerpt":{"rendered":"<p>Enqu\u00eate r\u00e9alis\u00e9e par Toluna Harris Interactive en ligne du 28 au 30<\/p>\n","protected":false},"author":59,"featured_media":14189,"comment_status":"closed","ping_status":"closed","sticky":false,"template":"","format":"standard","meta":{"_acf_changed":false,"_toluna_hide_sidebar":false,"footnotes":""},"categories":[233],"tags":[101],"class_list":["post-14188","post","type-post","status-publish","format-standard","has-post-thumbnail","hentry","category-france-fr","tag-poll-2","entry"],"acf":[],"_links":{"self":[{"href":"https:\/\/tolunacorporate.com\/fr\/wp-json\/wp\/v2\/posts\/14188","targetHints":{"allow":["GET"]}}],"collection":[{"href":"https:\/\/tolunacorporate.com\/fr\/wp-json\/wp\/v2\/posts"}],"about":[{"href":"https:\/\/tolunacorporate.com\/fr\/wp-json\/wp\/v2\/types\/post"}],"author":[{"embeddable":true,"href":"https:\/\/tolunacorporate.com\/fr\/wp-json\/wp\/v2\/users\/59"}],"replies":[{"embeddable":true,"href":"https:\/\/tolunacorporate.com\/fr\/wp-json\/wp\/v2\/comments?post=14188"}],"version-history":[{"count":0,"href":"https:\/\/tolunacorporate.com\/fr\/wp-json\/wp\/v2\/posts\/14188\/revisions"}],"wp:featuredmedia":[{"embeddable":true,"href":"https:\/\/tolunacorporate.com\/fr\/wp-json\/wp\/v2\/media\/14189"}],"wp:attachment":[{"href":"https:\/\/tolunacorporate.com\/fr\/wp-json\/wp\/v2\/media?parent=14188"}],"wp:term":[{"taxonomy":"category","embeddable":true,"href":"https:\/\/tolunacorporate.com\/fr\/wp-json\/wp\/v2\/categories?post=14188"},{"taxonomy":"post_tag","embeddable":true,"href":"https:\/\/tolunacorporate.com\/fr\/wp-json\/wp\/v2\/tags?post=14188"}],"curies":[{"name":"wp","href":"https:\/\/api.w.org\/{rel}","templated":true}]}}