
{"id":14233,"date":"2025-05-08T03:06:27","date_gmt":"2025-05-08T01:06:27","guid":{"rendered":"https:\/\/tolunacorporate.com\/?p=14233"},"modified":"2025-05-09T18:21:08","modified_gmt":"2025-05-09T16:21:08","slug":"les-francais-et-leur-perception-du-cycle-memoriel","status":"publish","type":"post","link":"https:\/\/tolunacorporate.com\/fr\/les-francais-et-leur-perception-du-cycle-memoriel\/","title":{"rendered":"Les Fran\u00e7ais et leur perception du cycle m\u00e9moriel"},"content":{"rendered":"\n<h5 class=\"wp-block-heading\"><strong><em>Enqu\u00eate r\u00e9alis\u00e9e par Toluna Harris Interactive en ligne du 19 au 26 d\u00e9cembre 2024, aupr\u00e8s d\u2019un \u00e9chantillon de 3 054 personnes repr\u00e9sentatif de la population fran\u00e7aise \u00e2g\u00e9e de 15 ans et plus. M\u00e9thode des quotas et redressement selon le sexe, l\u2019\u00e2ge, la cat\u00e9gorie socio-professionnelle, la taille d\u2019agglom\u00e9ration et la r\u00e9gion de l\u2019interview\u00e9(e).<\/em><\/strong><\/h5>\n\n\n\n<p><strong>Paris, le 8 mai,<\/strong><\/p>\n\n\n\n<p>Mise en place avec l\u2019appui du ministre des Arm\u00e9es et du ministre d\u00e9l\u00e9gu\u00e9 charg\u00e9 des Anciens Combattants et de la M\u00e9moire, la Mission Lib\u00e9ration est charg\u00e9e d\u2019organiser le cycle comm\u00e9moratif des 80 ans de la Lib\u00e9ration.<\/p>\n\n\n\n<p>C\u2019est dans ce contexte que la Mission a sollicit\u00e9 Toluna Harris Interactive, afin d\u2019interroger les Fran\u00e7ais sur leur rapport \u00e0 la Seconde Guerre Mondiale, et l\u2019importance qu\u2019ils accordent \u00e0 la tenue de comm\u00e9morations.<\/p>\n\n\n\n<p>T\u00e9l\u00e9charger le\u00a0<a href=\"https:\/\/tolunacorporate.com\/wp-content\/uploads\/2025\/05\/Rapport-Harris-Les-Francais-et-leur-perception-du-cycle-memoriel-V7.pdf\" target=\"_blank\" rel=\"noreferrer noopener\">rapport complet<\/a><\/p>\n\n\n\n<p><\/p>\n","protected":false},"excerpt":{"rendered":"<p>Enqu\u00eate r\u00e9alis\u00e9e par Toluna Harris Interactive en ligne du 19 au 26<\/p>\n","protected":false},"author":59,"featured_media":14234,"comment_status":"closed","ping_status":"closed","sticky":false,"template":"","format":"standard","meta":{"_acf_changed":false,"_toluna_hide_sidebar":false,"footnotes":""},"categories":[233],"tags":[101],"class_list":["post-14233","post","type-post","status-publish","format-standard","has-post-thumbnail","hentry","category-france-fr","tag-poll-2","entry"],"acf":[],"_links":{"self":[{"href":"https:\/\/tolunacorporate.com\/fr\/wp-json\/wp\/v2\/posts\/14233","targetHints":{"allow":["GET"]}}],"collection":[{"href":"https:\/\/tolunacorporate.com\/fr\/wp-json\/wp\/v2\/posts"}],"about":[{"href":"https:\/\/tolunacorporate.com\/fr\/wp-json\/wp\/v2\/types\/post"}],"author":[{"embeddable":true,"href":"https:\/\/tolunacorporate.com\/fr\/wp-json\/wp\/v2\/users\/59"}],"replies":[{"embeddable":true,"href":"https:\/\/tolunacorporate.com\/fr\/wp-json\/wp\/v2\/comments?post=14233"}],"version-history":[{"count":0,"href":"https:\/\/tolunacorporate.com\/fr\/wp-json\/wp\/v2\/posts\/14233\/revisions"}],"wp:featuredmedia":[{"embeddable":true,"href":"https:\/\/tolunacorporate.com\/fr\/wp-json\/wp\/v2\/media\/14234"}],"wp:attachment":[{"href":"https:\/\/tolunacorporate.com\/fr\/wp-json\/wp\/v2\/media?parent=14233"}],"wp:term":[{"taxonomy":"category","embeddable":true,"href":"https:\/\/tolunacorporate.com\/fr\/wp-json\/wp\/v2\/categories?post=14233"},{"taxonomy":"post_tag","embeddable":true,"href":"https:\/\/tolunacorporate.com\/fr\/wp-json\/wp\/v2\/tags?post=14233"}],"curies":[{"name":"wp","href":"https:\/\/api.w.org\/{rel}","templated":true}]}}