
{"id":14251,"date":"2024-05-27T03:16:34","date_gmt":"2024-05-27T01:16:34","guid":{"rendered":"https:\/\/tolunacorporate.com\/?p=14251"},"modified":"2025-05-10T23:29:04","modified_gmt":"2025-05-10T21:29:04","slug":"barometre-dintentions-de-vote-aux-elections-europeennes-2024-vague-12","status":"publish","type":"post","link":"https:\/\/tolunacorporate.com\/fr\/barometre-dintentions-de-vote-aux-elections-europeennes-2024-vague-12\/","title":{"rendered":"Barom\u00e8tre d\u2019intentions de vote aux \u00e9lections europ\u00e9ennes 2024 \u2013 Vague 12"},"content":{"rendered":"\n<h5 class=\"wp-block-heading\">Enqu\u00eate r\u00e9alis\u00e9e en ligne du 24 au 27 mai 2024. Il s\u2019agit de la premi\u00e8re vague prenant en compte l\u2019ensemble des 38 listes officielles, annonc\u00e9es le 18 mai. \u00c0 noter \u00e9galement que cette enqu\u00eate a d\u00e9marr\u00e9 le lendemain du d\u00e9bat t\u00e9l\u00e9vis\u00e9 entre le premier ministre Gabriel Attal et la t\u00eate de liste du Rassemblement National Jordan Bardella. \u00c9chantillon de 2 347 personnes repr\u00e9sentatif de la population fran\u00e7aise \u00e2g\u00e9e de 18 ans et plus, dont 2 016 personnes inscrites sur les listes \u00e9lectorales fran\u00e7aises. M\u00e9thode des quotas et redressement appliqu\u00e9s aux variables suivantes : sexe, \u00e2ge, cat\u00e9gorie socioprofessionnelle, r\u00e9gion et comportement \u00e9lectoral ant\u00e9rieur de l\u2019interview\u00e9(e).<\/h5>\n\n\n\n<p><strong>Paris, le 27 mai,<\/strong><\/p>\n\n\n\n<p>Dans la perspective des \u00e9lections europ\u00e9ennes de 2024, Toluna Harris Interactive s\u2019associe avec Challenges, M6 et RTL afin de d\u00e9ployer un barom\u00e8tre d\u2019intentions de vote. A partir de ce lundi 27 mai, et jusqu\u2019au 7 juin (c\u2019est-\u00e0-dire l\u2019avant-veille du jour du scrutin), ce barom\u00e8tre sera&nbsp;quotidien.<\/p>\n\n\n\n<p>Dans cette vague du 27 mai, la liste RN men\u00e9e par Jordan Bardella continue de creuser l\u2019\u00e9cart (32%, +0,5) avec ses deux poursuivants, la liste de la majorit\u00e9 pr\u00e9sidentielle (14,5%, -0,5) et la liste PS-Place Publique (14%, -0,5). La liste LFI conforte sa 4\u00e8me position (8,5%, +0,5), devant la liste LR (7%, -0,5).<\/p>\n\n\n\n<p>T\u00e9l\u00e9charger le\u00a0<a href=\"https:\/\/tolunacorporate.com\/wp-content\/uploads\/2025\/05\/Rapport-Harris-Intentions-de-vote-Europeennes-2024-Vague-12-27-mai.pdf\" target=\"_blank\" rel=\"noreferrer noopener\">rapport complet<\/a><\/p>\n","protected":false},"excerpt":{"rendered":"<p>Enqu\u00eate r\u00e9alis\u00e9e en ligne du 24 au 27 mai 2024. Il s\u2019agit<\/p>\n","protected":false},"author":59,"featured_media":14252,"comment_status":"closed","ping_status":"closed","sticky":false,"template":"","format":"standard","meta":{"_acf_changed":false,"_toluna_hide_sidebar":false,"footnotes":""},"categories":[233],"tags":[101],"class_list":["post-14251","post","type-post","status-publish","format-standard","has-post-thumbnail","hentry","category-france-fr","tag-poll-2","entry"],"acf":[],"_links":{"self":[{"href":"https:\/\/tolunacorporate.com\/fr\/wp-json\/wp\/v2\/posts\/14251","targetHints":{"allow":["GET"]}}],"collection":[{"href":"https:\/\/tolunacorporate.com\/fr\/wp-json\/wp\/v2\/posts"}],"about":[{"href":"https:\/\/tolunacorporate.com\/fr\/wp-json\/wp\/v2\/types\/post"}],"author":[{"embeddable":true,"href":"https:\/\/tolunacorporate.com\/fr\/wp-json\/wp\/v2\/users\/59"}],"replies":[{"embeddable":true,"href":"https:\/\/tolunacorporate.com\/fr\/wp-json\/wp\/v2\/comments?post=14251"}],"version-history":[{"count":0,"href":"https:\/\/tolunacorporate.com\/fr\/wp-json\/wp\/v2\/posts\/14251\/revisions"}],"wp:featuredmedia":[{"embeddable":true,"href":"https:\/\/tolunacorporate.com\/fr\/wp-json\/wp\/v2\/media\/14252"}],"wp:attachment":[{"href":"https:\/\/tolunacorporate.com\/fr\/wp-json\/wp\/v2\/media?parent=14251"}],"wp:term":[{"taxonomy":"category","embeddable":true,"href":"https:\/\/tolunacorporate.com\/fr\/wp-json\/wp\/v2\/categories?post=14251"},{"taxonomy":"post_tag","embeddable":true,"href":"https:\/\/tolunacorporate.com\/fr\/wp-json\/wp\/v2\/tags?post=14251"}],"curies":[{"name":"wp","href":"https:\/\/api.w.org\/{rel}","templated":true}]}}