
{"id":14314,"date":"2024-04-30T03:35:16","date_gmt":"2024-04-30T01:35:16","guid":{"rendered":"https:\/\/tolunacorporate.com\/?p=14314"},"modified":"2025-05-10T23:44:34","modified_gmt":"2025-05-10T21:44:34","slug":"barometre-dintentions-de-vote-aux-elections-europeennes-2024-vague-8","status":"publish","type":"post","link":"https:\/\/tolunacorporate.com\/fr\/barometre-dintentions-de-vote-aux-elections-europeennes-2024-vague-8\/","title":{"rendered":"Barom\u00e8tre d\u2019intentions de vote aux \u00e9lections europ\u00e9ennes 2024 \u2013 Vague 8"},"content":{"rendered":"\n<h5 class=\"wp-block-heading\">Enqu\u00eate r\u00e9alis\u00e9e en ligne du 24 au 26 avril 2024 (soit avant et apr\u00e8s le discours de la Sorbonne d\u2019Emmanuel Macron). \u00c9chantillon de 2 319 personnes repr\u00e9sentatif de la population fran\u00e7aise \u00e2g\u00e9e de 18 ans et plus, dont 2 005 personnes inscrites sur les listes \u00e9lectorales fran\u00e7aises. M\u00e9thode des quotas et redressement appliqu\u00e9s aux variables suivantes : sexe, \u00e2ge, cat\u00e9gorie socioprofessionnelle, r\u00e9gion et comportement \u00e9lectoral ant\u00e9rieur de l\u2019interview\u00e9(e).<\/h5>\n\n\n\n<p><strong>Paris, le 30 avril,<\/strong><\/p>\n\n\n\n<p>Dans la perspective des \u00e9lections europ\u00e9ennes de 2024, Toluna Harris Interactive s\u2019associe avec Challenges, M6 et RTL afin de d\u00e9ployer un barom\u00e8tre d\u2019intentions de vote hebdomadaire puis quotidien.<\/p>\n\n\n\n<p>Voici les enseignements de la derni\u00e8re vague de ce barom\u00e8tre :<\/p>\n\n\n\n<ul class=\"wp-block-list\">\n<li>Cette mesure reste tr\u00e8s stable par rapport \u00e0 la semaine derni\u00e8re avec la liste RN qui reste nettement en t\u00eate des intentions de vote (31%, stable), devant la liste de la majorit\u00e9 pr\u00e9sidentielle (16%, stable) et la liste PS-PP (13%, stable). La liste LFI conduite par Manon Aubry conforte sa 4\u00e8me position (9%, +1 point), avec d\u00e9sormais 2 points d\u2019avance sur la liste LR (7%).<\/li>\n<\/ul>\n\n\n\n<ul class=\"wp-block-list\">\n<li>Cette semaine nous avons demand\u00e9 aux Fran\u00e7ais si leur vote sera un vote de sanction ou de soutien \u00e0 l\u2019\u00e9gard du Pr\u00e9sident de la R\u00e9publique et du gouvernement. 44% d\u2019entre eux d\u00e9clarent que leur vote sera, notamment, l\u2019expression d\u2019une insatisfaction envers l\u2019ex\u00e9cutif, tandis que 18% affirment qu\u2019il s\u2019agira d\u2019un soutien \u00e0 l\u2019ex\u00e9cutif (et 37% qu\u2019il n\u2019aura aucun rapport avec cela). Notons qu\u2019une courte majorit\u00e9 des \u00e9lecteurs de la liste de la majorit\u00e9 pr\u00e9sidentielle seulement indiquent que leur vote sera un moyen de soutenir l\u2019ex\u00e9cutif (57%), tandis que les \u00e9lecteurs des listes d\u2019extr\u00eame-droite sont ceux pour qui leur vote apparaitra le plus comme l\u2019expression d\u2019un \u00ab vote sanction \u00bb (67% des \u00e9lecteurs RN ; 55% des \u00e9lecteurs de la liste Reconqu\u00eate). Si les grand \u00e9quilibres sont proches de ceux mesur\u00e9s en 2019 (d\u00e9sormais le vote sanction est un peu plus important qu\u2019il y a cinq ans, passant de 38% \u00e0 44%), soulignons la moindre propension des \u00e9lecteurs de la liste de la majorit\u00e9 \u00e0 se mobiliser en soutien de l\u2019ex\u00e9cutif (63% en 2019, 57% aujourd\u2019hui).<\/li>\n<\/ul>\n\n\n\n<ul class=\"wp-block-list\">\n<li>Enfin, nous proposons chaque semaine une mise en perspective ou une analyse plus avanc\u00e9e pour comprendre la campagne. Cette semaine nous nous sommes int\u00e9ress\u00e9s aux intentions de vote des Fran\u00e7ais pro-europ\u00e9ens, c\u2019est-\u00e0-dire qui d\u00e9clarent \u00eatre favorables \u00e0 la construction europ\u00e9enne et \u00e0 l\u2019UE, telle qu\u2019elle existe aujourd\u2019hui. La liste de la majorit\u00e9 pr\u00e9sidentielle arrive en 1\u00e8re position des intentions de vote aupr\u00e8s de cette cat\u00e9gorie d\u2019\u00e9lecteurs (25%), mais en net retrait par rapport au niveau atteint il y a 5 ans aupr\u00e8s de cette m\u00eame population (40%). D\u00e9sormais, la liste de la majorit\u00e9 est concurrenc\u00e9e par les listes conduites par Rapha\u00ebl Glucksmann (15%), Manon Aubry (14%) et Jordan Bardella (14%, un chiffre qui illustre l\u2019\u00e9largissement du socle \u00e9lectoral du RN qui d\u00e9passe largement les seuls eurosceptiques).<\/li>\n<\/ul>\n\n\n\n<p>T\u00e9l\u00e9charger le\u00a0<a href=\"https:\/\/tolunacorporate.com\/wp-content\/uploads\/2025\/05\/Barometre-dintentions-de-vote-aux-elections-europeennes-2024-\u2013-Vague-8.pdf\" target=\"_blank\" rel=\"noreferrer noopener\">rapport complet<\/a><\/p>\n","protected":false},"excerpt":{"rendered":"<p>Enqu\u00eate r\u00e9alis\u00e9e en ligne du 24 au 26 avril 2024 (soit avant<\/p>\n","protected":false},"author":59,"featured_media":14315,"comment_status":"closed","ping_status":"closed","sticky":false,"template":"","format":"standard","meta":{"_acf_changed":false,"_toluna_hide_sidebar":false,"footnotes":""},"categories":[233],"tags":[101],"class_list":["post-14314","post","type-post","status-publish","format-standard","has-post-thumbnail","hentry","category-france-fr","tag-poll-2","entry"],"acf":[],"_links":{"self":[{"href":"https:\/\/tolunacorporate.com\/fr\/wp-json\/wp\/v2\/posts\/14314","targetHints":{"allow":["GET"]}}],"collection":[{"href":"https:\/\/tolunacorporate.com\/fr\/wp-json\/wp\/v2\/posts"}],"about":[{"href":"https:\/\/tolunacorporate.com\/fr\/wp-json\/wp\/v2\/types\/post"}],"author":[{"embeddable":true,"href":"https:\/\/tolunacorporate.com\/fr\/wp-json\/wp\/v2\/users\/59"}],"replies":[{"embeddable":true,"href":"https:\/\/tolunacorporate.com\/fr\/wp-json\/wp\/v2\/comments?post=14314"}],"version-history":[{"count":0,"href":"https:\/\/tolunacorporate.com\/fr\/wp-json\/wp\/v2\/posts\/14314\/revisions"}],"wp:featuredmedia":[{"embeddable":true,"href":"https:\/\/tolunacorporate.com\/fr\/wp-json\/wp\/v2\/media\/14315"}],"wp:attachment":[{"href":"https:\/\/tolunacorporate.com\/fr\/wp-json\/wp\/v2\/media?parent=14314"}],"wp:term":[{"taxonomy":"category","embeddable":true,"href":"https:\/\/tolunacorporate.com\/fr\/wp-json\/wp\/v2\/categories?post=14314"},{"taxonomy":"post_tag","embeddable":true,"href":"https:\/\/tolunacorporate.com\/fr\/wp-json\/wp\/v2\/tags?post=14314"}],"curies":[{"name":"wp","href":"https:\/\/api.w.org\/{rel}","templated":true}]}}