
{"id":14377,"date":"2024-04-05T03:59:35","date_gmt":"2024-04-05T01:59:35","guid":{"rendered":"https:\/\/tolunacorporate.com\/?p=14377"},"modified":"2025-05-11T00:01:11","modified_gmt":"2025-05-10T22:01:11","slug":"les-francais-lobesite-et-la-denutrition","status":"publish","type":"post","link":"https:\/\/tolunacorporate.com\/fr\/les-francais-lobesite-et-la-denutrition\/","title":{"rendered":"Les Fran\u00e7ais, l\u2019ob\u00e9sit\u00e9 et la d\u00e9nutrition"},"content":{"rendered":"\n<h5 class=\"wp-block-heading\">Enqu\u00eate r\u00e9alis\u00e9e&nbsp;<strong>en ligne&nbsp;<\/strong>du&nbsp;<strong>15<\/strong>&nbsp;au&nbsp;<strong>18 mars&nbsp;<\/strong>2024. \u00c9chantillon de&nbsp;<strong>1 005<\/strong>&nbsp;personnes repr\u00e9sentatif des Fran\u00e7ais \u00e2g\u00e9s de 18 ans et plus. M\u00e9thode des quotas et redressement appliqu\u00e9s aux variables suivantes : sexe, \u00e2ge, cat\u00e9gorie socioprofessionnelle, r\u00e9gion et taille d\u2019agglom\u00e9ration de l\u2019interview\u00e9(e).<\/h5>\n\n\n\n<p><strong>Paris, le 5 avril,<\/strong><\/p>\n\n\n\n<ul class=\"wp-block-list\">\n<li>Probl\u00e8me de sant\u00e9 public, la malnutrition appara\u00eet comme un sujet qui concerne de plus en plus de Fran\u00e7ais :&nbsp;<strong>la majorit\u00e9 d\u2019entre eux estiment que les cas d\u2019ob\u00e9sit\u00e9 (88%) et de sous-nutrition \/ d\u00e9nutrition (65%) sont plus fr\u00e9quents qu\u2019il y a dix ans&nbsp;<\/strong>; un avis surtout partag\u00e9 par les plus \u00e2g\u00e9s.<\/li>\n<\/ul>\n\n\n\n<ul class=\"wp-block-list\">\n<li>En ce qui concerne l\u2019ob\u00e9sit\u00e9 plus particuli\u00e8rement,&nbsp;<strong>les Fran\u00e7ais se sentent relativement bien inform\u00e9s (68%)<\/strong>, qu\u2019il s\u2019agisse de ses causes, de ses cons\u00e9quences ou des moyens d\u2019effectuer de la pr\u00e9vention. Dans le d\u00e9tail, les trois quarts des Fran\u00e7ais indiquent se sentir bien inform\u00e9s sur&nbsp;<strong>les cons\u00e9quences de l\u2019ob\u00e9sit\u00e9 (75%), et environ 7 sur 10 concernant les fa\u00e7ons de pr\u00e9venir l\u2018ob\u00e9sit\u00e9 (70%), ainsi que ses causes (69%).&nbsp;<\/strong>En revanche, ce niveau d\u2019information reste \u00e0 nuancer dans la mesure o\u00f9 moins d\u20191 Fran\u00e7ais sur 5 affirme \u00eatre tr\u00e8s bien inform\u00e9 sur chacun de ces \u00e9l\u00e9ments. Par ailleurs, ce niveau de connaissance de l\u2019ob\u00e9sit\u00e9 tend \u00e0 cro\u00eetre avec l\u2019\u00e2ge, les plus jeunes faisant \u00e9tat d\u2019un niveau d\u2019information plus mitig\u00e9 sur le sujet. En termes de repr\u00e9sentations, l\u2019ob\u00e9sit\u00e9 est principalement per\u00e7ue sous l\u2019angle des difficult\u00e9s personnelles qu\u2019elle peut engendrer chez les personnes concern\u00e9es :&nbsp;<strong>93% des Fran\u00e7ais estiment qu\u2019elle peut \u00eatre un facteur de discrimination pour les personnes concern\u00e9es, 92% qu\u2019elle peut emp\u00eacher les personnes concern\u00e9es de vivre normalement.&nbsp;<\/strong>Renfor\u00e7ant ces difficult\u00e9s, l\u2019accompagnement de cette pathologie par le syst\u00e8me de sant\u00e9 (44%) et sa prise au s\u00e9rieux au sein de la population (35%) font davantage d\u00e9bat. Reconnaissant l\u2019ob\u00e9sit\u00e9 comme une maladie (85%),&nbsp;<strong>les Fran\u00e7ais sont largement enclins \u00e0 penser que ses causes sont \u00e0 chercher avant tout dans le mode de vie des concern\u00e9s (75%) plut\u00f4t que dans leur h\u00e9ritage g\u00e9n\u00e9tique (23%).&nbsp;<\/strong>Les risques corr\u00e9l\u00e9s \u00e0 l\u2019ob\u00e9sit\u00e9 sont en tous cas bien identifi\u00e9s par les Fran\u00e7ais, la quasi-totalit\u00e9 d\u2019entre eux d\u00e9clarant qu\u2019elle entraine des risques importants (98%), voire tr\u00e8s importants (56%) sur la sant\u00e9.<\/li>\n<\/ul>\n\n\n\n<ul class=\"wp-block-list\">\n<li>De son c\u00f4t\u00e9, la d\u00e9nutrition fait l\u2019objet d\u2019un niveau de connaissance&nbsp;<strong>moins important que l\u2019ob\u00e9sit\u00e9 de mani\u00e8re g\u00e9n\u00e9rale (43% contre 68%).&nbsp;<\/strong>Dans le d\u00e9tail, moins de la moiti\u00e9 des Fran\u00e7ais estiment se sentir bien inform\u00e9s&nbsp;<strong>sur ses cons\u00e9quences (48%), ses causes (45%) ou encore les fa\u00e7ons de la pr\u00e9venir (43%),&nbsp;<\/strong>avec l\u00e0 encore un niveau de connaissance peu marqu\u00e9 (environ 1 Fran\u00e7ais sur 10 se dit tr\u00e8s bien inform\u00e9 sur chacun de ces \u00e9l\u00e9ments). Tout comme pour l\u2019ob\u00e9sit\u00e9, les effets n\u00e9gatifs de la d\u00e9nutrition sur les personnes sont bien identifi\u00e9s par les Fran\u00e7ais :&nbsp;<strong>88% indiquent que la d\u00e9nutrition peut emp\u00eacher les personnes concern\u00e9es de vivre normalement, 74% qu\u2019elle peut \u00eatre un facteur de discrimination pour les personnes concern\u00e9es et comme pour l\u2019ob\u00e9sit\u00e9,&nbsp;<\/strong>ils ne sont en revanche qu\u2019un tiers \u00e0 percevoir cette pathologie comme bien accompagn\u00e9e par le syst\u00e8me de sant\u00e9 (37%) ou prise au s\u00e9rieux au sein de la population (33%). Plus encore que pour l\u2019ob\u00e9sit\u00e9, la responsabilit\u00e9 de la d\u00e9nutrition est surtout attribu\u00e9e au mode de vie et aux habitudes des personnes concern\u00e9es (86%), quand seuls 13% des Fran\u00e7ais estiment qu\u2019elle est principalement due \u00e0 des facteurs g\u00e9n\u00e9tiques. Enfin, les Fran\u00e7ais se montrent \u00e9galement conscients des cons\u00e9quences n\u00e9gatives de la d\u00e9nutrition,&nbsp;<strong>la quasi-totalit\u00e9 d\u2019entre eux consid\u00e9rant qu\u2019elle peut entrainer des risques importants (97%), voire tr\u00e8s importants (49%) sur la sant\u00e9.<\/strong><\/li>\n<\/ul>\n\n\n\n<p>T\u00e9l\u00e9charger le\u00a0<a href=\"https:\/\/tolunacorporate.com\/wp-content\/uploads\/2025\/05\/Rapport-Toluna-Harris-Observatoire-de-la-sante-PRO-BTP-Vague-9-RTL-Pro-BTP.pdf\" target=\"_blank\" rel=\"noreferrer noopener\">rapport complet<\/a><\/p>\n","protected":false},"excerpt":{"rendered":"<p>Enqu\u00eate r\u00e9alis\u00e9e&nbsp;en ligne&nbsp;du&nbsp;15&nbsp;au&nbsp;18 mars&nbsp;2024. \u00c9chantillon de&nbsp;1 005&nbsp;personnes repr\u00e9sentatif des Fran\u00e7ais \u00e2g\u00e9s de<\/p>\n","protected":false},"author":59,"featured_media":14378,"comment_status":"closed","ping_status":"closed","sticky":false,"template":"","format":"standard","meta":{"_acf_changed":false,"_toluna_hide_sidebar":false,"footnotes":""},"categories":[233],"tags":[101],"class_list":["post-14377","post","type-post","status-publish","format-standard","has-post-thumbnail","hentry","category-france-fr","tag-poll-2","entry"],"acf":[],"_links":{"self":[{"href":"https:\/\/tolunacorporate.com\/fr\/wp-json\/wp\/v2\/posts\/14377","targetHints":{"allow":["GET"]}}],"collection":[{"href":"https:\/\/tolunacorporate.com\/fr\/wp-json\/wp\/v2\/posts"}],"about":[{"href":"https:\/\/tolunacorporate.com\/fr\/wp-json\/wp\/v2\/types\/post"}],"author":[{"embeddable":true,"href":"https:\/\/tolunacorporate.com\/fr\/wp-json\/wp\/v2\/users\/59"}],"replies":[{"embeddable":true,"href":"https:\/\/tolunacorporate.com\/fr\/wp-json\/wp\/v2\/comments?post=14377"}],"version-history":[{"count":0,"href":"https:\/\/tolunacorporate.com\/fr\/wp-json\/wp\/v2\/posts\/14377\/revisions"}],"wp:featuredmedia":[{"embeddable":true,"href":"https:\/\/tolunacorporate.com\/fr\/wp-json\/wp\/v2\/media\/14378"}],"wp:attachment":[{"href":"https:\/\/tolunacorporate.com\/fr\/wp-json\/wp\/v2\/media?parent=14377"}],"wp:term":[{"taxonomy":"category","embeddable":true,"href":"https:\/\/tolunacorporate.com\/fr\/wp-json\/wp\/v2\/categories?post=14377"},{"taxonomy":"post_tag","embeddable":true,"href":"https:\/\/tolunacorporate.com\/fr\/wp-json\/wp\/v2\/tags?post=14377"}],"curies":[{"name":"wp","href":"https:\/\/api.w.org\/{rel}","templated":true}]}}