
{"id":14593,"date":"2024-01-23T05:42:33","date_gmt":"2024-01-23T04:42:33","guid":{"rendered":"https:\/\/tolunacorporate.com\/?p=14593"},"modified":"2025-05-11T00:59:39","modified_gmt":"2025-05-10T22:59:39","slug":"observatoire-de-la-mobilisation-des-agriculteurs-vague-1","status":"publish","type":"post","link":"https:\/\/tolunacorporate.com\/fr\/observatoire-de-la-mobilisation-des-agriculteurs-vague-1\/","title":{"rendered":"Observatoire de la mobilisation des agriculteurs \u2013 Vague 1"},"content":{"rendered":"\n<h5 class=\"wp-block-heading\">Enqu\u00eate r\u00e9alis\u00e9e&nbsp;<strong>en ligne&nbsp;<\/strong>le&nbsp;<strong>23 janvier 2024.&nbsp;<\/strong>\u00c9chantillon de&nbsp;<strong>1 029 personnes<\/strong>, repr\u00e9sentatif des Fran\u00e7ais \u00e2g\u00e9s de 18 ans et plus. M\u00e9thode des quotas et redressement appliqu\u00e9s aux variables suivantes : sexe, \u00e2ge, cat\u00e9gorie socioprofessionnelle et r\u00e9gion d\u2019habitation de l\u2019interview\u00e9(e).<\/h5>\n\n\n\n<p><strong>Paris, le 23 janvier,<\/strong><\/p>\n\n\n\n<p>Toluna Harris Interactive a r\u00e9alis\u00e9&nbsp;<strong>une enqu\u00eate<\/strong>&nbsp;en partenariat avec RTL, pour mesurer la r\u00e9action des Fran\u00e7ais au&nbsp;<strong>mouvement de mobilisation des agriculteurs ayant lieu en France<\/strong>.<\/p>\n\n\n\n<p>T\u00e9l\u00e9charger le\u00a0<a href=\"https:\/\/tolunacorporate.com\/wp-content\/uploads\/2025\/05\/Rapport-Toluna-Harris-Observatoire-de-la-mobilisation-des-agriculteurs-23012024.pdf\" target=\"_blank\" rel=\"noreferrer noopener\">rapport complet<\/a><\/p>\n\n\n\n<p>Voici les principaux enseignements de cette \u00e9tude :<\/p>\n\n\n\n<ul class=\"wp-block-list\">\n<li>Les Fran\u00e7ais partagent majoritairement le constat d\u2019agriculteurs se trouvant dans une situation difficile&nbsp;: pr\u00e8s de 9 Fran\u00e7ais sur 10 consid\u00e8rent que la situation des agriculteurs est mauvaise et 2\/3 consid\u00e8rent qu\u2019elle est m\u00eame pire que celle de la moyenne des Fran\u00e7ais.<\/li>\n<\/ul>\n\n\n\n<ul class=\"wp-block-list\">\n<li>Dans ce contexte, le mouvement de manifestations et blocages des agriculteurs b\u00e9n\u00e9ficie du soutien de 82% des Fran\u00e7ais, soit 10 points de plus que le soutien dont b\u00e9n\u00e9ficiait le mouvement des gilets jaunes \u00e0 son d\u00e9marrage. 9 Fran\u00e7ais sur 10 d\u00e9clarent par ailleurs comprendre les revendications des agriculteurs. Ce niveau de soutien se trouve partag\u00e9 aupr\u00e8s de l\u2019ensemble des sensibilit\u00e9s politiques ainsi que par les Fran\u00e7ais habitant en zone rurale comme ceux des centres villes.<\/li>\n<\/ul>\n\n\n\n<ul class=\"wp-block-list\">\n<li>Cons\u00e9quences de ce mouvement, 7 Fran\u00e7ais sur 10 d\u00e9clarent approuver les blocages de routes et d\u2019autoroutes mis en place par les agriculteurs et une m\u00eame proportion se d\u00e9clarent oppos\u00e9(e)s \u00e0 l\u2019intervention des forces de l\u2019ordre pour lever ces blocages.<\/li>\n<\/ul>\n\n\n\n<ul class=\"wp-block-list\">\n<li>A l\u2019heure actuelle, plus de 8 Fran\u00e7ais sur 10 estiment que le gouvernement n\u2019est pas \u00e0 la hauteur de la situation, un jugement l\u00e9g\u00e8rement moins s\u00e9v\u00e8re que celui \u00e9mis lors du mouvement des gilets jaunes (pour rappel, 90% estimaient que le gouvernement n\u2019\u00e9tait pas \u00e0 la hauteur au lendemain de la manifestation du 1<em>er<\/em>&nbsp;d\u00e9cembre sur les Champs-Elys\u00e9es).<\/li>\n<\/ul>\n\n\n\n<p><\/p>\n","protected":false},"excerpt":{"rendered":"<p>Enqu\u00eate r\u00e9alis\u00e9e&nbsp;en ligne&nbsp;le&nbsp;23 janvier 2024.&nbsp;\u00c9chantillon de&nbsp;1 029 personnes, repr\u00e9sentatif des Fran\u00e7ais \u00e2g\u00e9s<\/p>\n","protected":false},"author":59,"featured_media":14594,"comment_status":"closed","ping_status":"closed","sticky":false,"template":"","format":"standard","meta":{"_acf_changed":false,"_toluna_hide_sidebar":false,"footnotes":""},"categories":[233],"tags":[101],"class_list":["post-14593","post","type-post","status-publish","format-standard","has-post-thumbnail","hentry","category-france-fr","tag-poll-2","entry"],"acf":[],"_links":{"self":[{"href":"https:\/\/tolunacorporate.com\/fr\/wp-json\/wp\/v2\/posts\/14593","targetHints":{"allow":["GET"]}}],"collection":[{"href":"https:\/\/tolunacorporate.com\/fr\/wp-json\/wp\/v2\/posts"}],"about":[{"href":"https:\/\/tolunacorporate.com\/fr\/wp-json\/wp\/v2\/types\/post"}],"author":[{"embeddable":true,"href":"https:\/\/tolunacorporate.com\/fr\/wp-json\/wp\/v2\/users\/59"}],"replies":[{"embeddable":true,"href":"https:\/\/tolunacorporate.com\/fr\/wp-json\/wp\/v2\/comments?post=14593"}],"version-history":[{"count":0,"href":"https:\/\/tolunacorporate.com\/fr\/wp-json\/wp\/v2\/posts\/14593\/revisions"}],"wp:featuredmedia":[{"embeddable":true,"href":"https:\/\/tolunacorporate.com\/fr\/wp-json\/wp\/v2\/media\/14594"}],"wp:attachment":[{"href":"https:\/\/tolunacorporate.com\/fr\/wp-json\/wp\/v2\/media?parent=14593"}],"wp:term":[{"taxonomy":"category","embeddable":true,"href":"https:\/\/tolunacorporate.com\/fr\/wp-json\/wp\/v2\/categories?post=14593"},{"taxonomy":"post_tag","embeddable":true,"href":"https:\/\/tolunacorporate.com\/fr\/wp-json\/wp\/v2\/tags?post=14593"}],"curies":[{"name":"wp","href":"https:\/\/api.w.org\/{rel}","templated":true}]}}