
{"id":14737,"date":"2023-11-24T06:41:28","date_gmt":"2023-11-24T05:41:28","guid":{"rendered":"https:\/\/tolunacorporate.com\/?p=14737"},"modified":"2025-05-11T01:36:34","modified_gmt":"2025-05-10T23:36:34","slug":"barometre-de-confiance-politique-novembre-2023","status":"publish","type":"post","link":"https:\/\/tolunacorporate.com\/fr\/barometre-de-confiance-politique-novembre-2023\/","title":{"rendered":"Barom\u00e8tre de confiance politique \u2013 Novembre 2023"},"content":{"rendered":"\n<h5 class=\"wp-block-heading\">Enqu\u00eate r\u00e9alis\u00e9e par Toluna Harris Interactive en ligne du 21 au 23 novembre 2023. \u00c9chantillon de 1 124 personnes, repr\u00e9sentatif des Fran\u00e7ais \u00e2g\u00e9s de 18 ans et plus. M\u00e9thode des quotas et redressement appliqu\u00e9s aux variables suivantes : sexe, \u00e2ge, cat\u00e9gorie socioprofessionnelle et r\u00e9gion de l\u2019interview\u00e9(e).<\/h5>\n\n\n\n<p><strong>Paris, le 24 novembre,<\/strong><\/p>\n\n\n\n<p>Tous les mois, Toluna \u2013 Harris Interactive r\u00e9alise en partenariat avec LCI un barom\u00e8tre de confiance politique.<\/p>\n\n\n\n<p>T\u00e9l\u00e9chargez le\u00a0<a href=\"https:\/\/tolunacorporate.com\/wp-content\/uploads\/2025\/05\/Barometre-de-confiance-politique-Toluna-Harris-Interactive-LCI_novembre-2023.pdf\" target=\"_blank\" rel=\"noreferrer noopener\">rapport complet<\/a><\/p>\n\n\n\n<p>T\u00e9l\u00e9chargez la\u00a0<a href=\"https:\/\/tolunacorporate.com\/wp-content\/uploads\/2025\/05\/Note-danalyse-Toluna-Harris-Barometre-de-confiance-politique-Novembre-2023-LCI.pdf\" target=\"_blank\" rel=\"noreferrer noopener\">note d\u2019analyse de Jean-Daniel L\u00e9vy<\/a><\/p>\n\n\n\n<p><strong>La poursuite de la progression de Gabriel Attal<\/strong><\/p>\n\n\n\n<p>En hausse le mois dernier,&nbsp;<strong>Emmanuel Macron voit son niveau de confiance se stabiliser ce mois-ci (42%, -1).<\/strong>&nbsp;Le niveau de confiance exprim\u00e9 envers le Pr\u00e9sident cro\u00eet \u00e0 nouveau chez les cat\u00e9gories ais\u00e9es (50%, +3) et les 35-49 ans (43%, +6). Politiquement, nous observons une progression \u00e9galement aupr\u00e8s des sympathisants de la majorit\u00e9 (90%, +6), LR (50%, +6) et RN (23%, +4). Dans le contexte de tensions internationales et de d\u00e9bat sur l\u2019immigration ayant marqu\u00e9 les Fran\u00e7ais, les personnes le plus \u00e0 droite sur l\u2019\u00e9chiquier politique ainsi que les proches de la majorit\u00e9 se resserrent un peu plus derri\u00e8re le Pr\u00e9sident.<\/p>\n\n\n\n<p><strong>Elisabeth Borne enregistre la confiance de 38% des Fran\u00e7ais, soit 3 points de plus que le mois dernier.&nbsp;<\/strong>A l\u2019instar du Pr\u00e9sident de la R\u00e9publique, la Premi\u00e8re Ministre voit sa confiance progresser de mani\u00e8re soutenue chez les sympathisants de la majorit\u00e9 (81%, +8). On le voit, le recours \u00e0 l\u2019article 49.3 de la constitution dans des circonstances diff\u00e9rentes de celle de la r\u00e9forme des retraites n\u2019a pas d\u2019impact sur le jugement port\u00e9 \u00e0 l\u2019\u00e9gard d\u2019Elisabeth Borne.<\/p>\n\n\n\n<p>Au sein du gouvernement, la tendance est plut\u00f4t \u00e0 la hausse, de nombreux ministres connaissant une progression de leur niveau de confiance.&nbsp;<strong>Gabriel Attal poursuit sa dynamique ascendante et enregistre \u00e0 nouveau une progression de 5 points,<\/strong>&nbsp;faisant toujours de lui le membre du gouvernement b\u00e9n\u00e9ficiant du plus haut niveau de confiance (47%). Entre ao\u00fbt et novembre, le ministre de l\u2019\u00c9ducation Nationale et de la Jeunesse voit sa c\u00f4te progresser de 14 points. Dans le d\u00e9tail, les \u00e9volutions sont notables de la part des personnes \u00e2g\u00e9es de plus de 35 ans et \u00e9galement r\u00e9partie selon que les personnes interrog\u00e9es aient ou non des enfants \u00e0 leur domicile (respectivement 44% et 48%, en progression de 14 et 13 points depuis cet \u00e9t\u00e9).<\/p>\n\n\n\n<p>Ces mouvements sont \u00e9galement palpables lorsque l\u2019on analyse les r\u00e9sultats selon la proximit\u00e9 politique des personnes interrog\u00e9es.&nbsp;<strong>Plus 25 points chez les proches des LR comme du RN (respectivement \u00e0 72% et 45% de confiance),<\/strong>&nbsp;plus 16 points et 14 points chez les sympathisants EELV comme PS (42% et 49% de confiance) voire m\u00eame chez les r\u00e9pondants FI (9 points de plus, 33%).<\/p>\n\n\n\n<p>Alors m\u00eame que la rentr\u00e9e est relativement loin derri\u00e8re nous, alors m\u00eame que les principales annonces du ministre datent de la fin de l\u2019\u00e9t\u00e9, la dynamique ne semble pas ob\u00e9r\u00e9e.<\/p>\n\n\n\n<p>Comme le mois dernier,&nbsp;<strong>G\u00e9rald Darmanin (37%, +2) \u2013 qui atteint son plus haut niveau de confiance depuis mai 2022 \u2013 est le deuxi\u00e8me ministre en qui la confiance est la plus \u00e9lev\u00e9e.&nbsp;<\/strong>Ayant r\u00e9cemment multipli\u00e9 les voyages diplomatiques dans les pays du Proche-Orient dans la perspective des n\u00e9gociations concernant les otages d\u00e9tenus par le Hamas, S\u00e9bastien Lecornu gagne 5 points de confiance ce mois-ci (35%). Observons qu\u2019en d\u00e9pit de sa pr\u00e9sence devant la Cour de justice de la R\u00e9publique, \u00c9ric Dupond-Moretti voit la confiance \u00e0 son \u00e9gard rester stable (27%).<\/p>\n\n\n\n<p>Hors gouvernement,&nbsp;<strong>\u00c9douard Philippe demeure la personnalit\u00e9 enregistrant le plus de confiance de la part des Fran\u00e7ais (43%, +4).<\/strong>&nbsp;L\u2019ex-Premier Ministre b\u00e9n\u00e9ficie toujours de la confiance de la grande majorit\u00e9 des sympathisants Ensemble et progresse \u00e0 nouveau apr\u00e8s avoir connu une tendance \u00e0 la baisse ces derniers mois (83%, +8). Il gagne \u00e9galement 14 points aupr\u00e8s des sympathisants LR, faisant de lui la troisi\u00e8me personnalit\u00e9 recueillant le plus de confiance aupr\u00e8s de cette cat\u00e9gorie (65%). Au final, il retrouve un niveau de confiance qu\u2019il n\u2019avait pas connu depuis juin dernier.<\/p>\n\n\n\n<p>D\u00e9j\u00e0 stable le mois dernier, Marine Le Pen l\u2019est quant \u00e0 elle \u00e0 nouveau en novembre (38%).&nbsp; Comme le mois dernier, une autre personnalit\u00e9 du RN, Jordan Bardella, arrive en troisi\u00e8me position.&nbsp;<strong>Le pr\u00e9sident du RN reste stable aupr\u00e8s de l\u2019ensemble des Fran\u00e7ais (34%, +1) mais progresse nettement aupr\u00e8s des sympathisants de sa famille politique (79%, +6).<\/strong>&nbsp;Le fait qu\u2019il a estim\u00e9, \u00e0 tout le moins dans un premier temps, que Jean-Marie Le Pen n\u2019\u00e9tait pas antis\u00e9mite, ne semble pas avoir d\u2019impact sur le niveau de confiance qui lui est accord\u00e9. Cette stabilit\u00e9 des personnalit\u00e9s du RN doit \u00eatre mise en regard avec la proximit\u00e9 politique des Fran\u00e7ais. Le Rassemblement National est ind\u00e9niablement la formation politique de laquelle les Fran\u00e7ais se sentent en majorit\u00e9 relative le plus proche. Apr\u00e8s une progression suite \u00e0 la derni\u00e8re pr\u00e9sidentielle la formation d\u2019extr\u00eame-droite continue une \u00e9volution positive (+5 points en 12 mois) et en progression constante depuis mai dernier.<\/p>\n\n\n\n<p>Se pose enfin une question : quels effets politiques quant \u00e0 la confiance exprim\u00e9e \u00e0 l\u2019\u00e9gard de Jean-Luc M\u00e9lenchon suite \u00e0 ses propos dans le cadre du conflit entre Isra\u00ebl et le Hamas ? A l\u2019heure actuelle, rien de tangible n\u2019apparait :&nbsp;<strong>l\u2019ancien candidat \u00e0 l\u2019\u00e9lection pr\u00e9sidentielle reste stable (18%, +1),<\/strong>&nbsp;apr\u00e8s avoir atteint son plus bas niveau depuis avril 2021 le mois dernier. Le leader de la FI connait m\u00eame un regain de confiance aupr\u00e8s des sympathisants de gauche : LFI (77%, +11) et PS (26%, +8).<\/p>\n\n\n\n<p>Le barom\u00e8tre de ce mois est donc teint\u00e9 de la situation nationale et de la situation internationale. Nous n\u2019assistons pas \u00e0 des bouleversements mais \u00e0 des logiques continues. Les dynamiques mesur\u00e9es par le pass\u00e9 se poursuivent sans qu\u2019il n\u2019y ait de fortes ruptures.<\/p>\n\n\n\n<p>T\u00e9l\u00e9chargez aussi\u00a0<a href=\"https:\/\/tolunacorporate.com\/wp-content\/uploads\/2025\/05\/Rapport-Toluna-Harris-Interactive-Les-Francais-et-les-acteurs-politiques-LCI.pdf\" target=\"_blank\" rel=\"noreferrer noopener\">notre question du mois<\/a>\u00a0:\u00a0<strong>Les Fran\u00e7ais et les acteurs politiques<\/strong><\/p>\n\n\n\n<p><\/p>\n","protected":false},"excerpt":{"rendered":"<p>Enqu\u00eate r\u00e9alis\u00e9e par Toluna Harris Interactive en ligne du 21 au 23<\/p>\n","protected":false},"author":59,"featured_media":14738,"comment_status":"closed","ping_status":"closed","sticky":false,"template":"","format":"standard","meta":{"_acf_changed":false,"_toluna_hide_sidebar":false,"footnotes":""},"categories":[233],"tags":[101],"class_list":["post-14737","post","type-post","status-publish","format-standard","has-post-thumbnail","hentry","category-france-fr","tag-poll-2","entry"],"acf":[],"_links":{"self":[{"href":"https:\/\/tolunacorporate.com\/fr\/wp-json\/wp\/v2\/posts\/14737","targetHints":{"allow":["GET"]}}],"collection":[{"href":"https:\/\/tolunacorporate.com\/fr\/wp-json\/wp\/v2\/posts"}],"about":[{"href":"https:\/\/tolunacorporate.com\/fr\/wp-json\/wp\/v2\/types\/post"}],"author":[{"embeddable":true,"href":"https:\/\/tolunacorporate.com\/fr\/wp-json\/wp\/v2\/users\/59"}],"replies":[{"embeddable":true,"href":"https:\/\/tolunacorporate.com\/fr\/wp-json\/wp\/v2\/comments?post=14737"}],"version-history":[{"count":0,"href":"https:\/\/tolunacorporate.com\/fr\/wp-json\/wp\/v2\/posts\/14737\/revisions"}],"wp:featuredmedia":[{"embeddable":true,"href":"https:\/\/tolunacorporate.com\/fr\/wp-json\/wp\/v2\/media\/14738"}],"wp:attachment":[{"href":"https:\/\/tolunacorporate.com\/fr\/wp-json\/wp\/v2\/media?parent=14737"}],"wp:term":[{"taxonomy":"category","embeddable":true,"href":"https:\/\/tolunacorporate.com\/fr\/wp-json\/wp\/v2\/categories?post=14737"},{"taxonomy":"post_tag","embeddable":true,"href":"https:\/\/tolunacorporate.com\/fr\/wp-json\/wp\/v2\/tags?post=14737"}],"curies":[{"name":"wp","href":"https:\/\/api.w.org\/{rel}","templated":true}]}}