
{"id":14746,"date":"2023-11-21T06:43:23","date_gmt":"2023-11-21T05:43:23","guid":{"rendered":"https:\/\/tolunacorporate.com\/?p=14746"},"modified":"2025-05-11T01:38:36","modified_gmt":"2025-05-10T23:38:36","slug":"observatoire-parlement-vague-5","status":"publish","type":"post","link":"https:\/\/tolunacorporate.com\/fr\/observatoire-parlement-vague-5\/","title":{"rendered":"Observatoire Parlement \u2013 Vague 5"},"content":{"rendered":"\n<p><strong>Enqu\u00eate r\u00e9alis\u00e9e par Harris Interactive en ligne du 7 au 10 novembre 2023. \u00c9chantillon de 1 013 personnes, repr\u00e9sentatif des Fran\u00e7ais \u00e2g\u00e9s de 18 ans et plus. M\u00e9thode des quotas et redressement appliqu\u00e9s aux variables suivantes : sexe, \u00e2ge, cat\u00e9gorie socioprofessionnelle et r\u00e9gion de l\u2019interview\u00e9(e).<\/strong><\/p>\n\n\n\n<p>Paris, le 22 novembre,<\/p>\n\n\n\n<p>Toluna Harris Interactive et S\u00e9ance Publique ont lanc\u00e9 en d\u00e9but de l\u00e9gislature leur \u00ab Observatoire Parlement \u00bb, une \u00e9tude barom\u00e9trique qui permet de comprendre comment les Fran\u00e7ais suivent et s\u2019approprient l\u2019actualit\u00e9 du Parlement, de ses textes et de ses forces politiques. Cette cinqui\u00e8me vague d\u2019enqu\u00eate intervient alors que l\u2019actualit\u00e9 parlementaire est notamment marqu\u00e9e par les d\u00e9bats autour de la loi immigration et que les enjeux nationaux sont relativement \u00e9clips\u00e9s par les r\u00e9cents \u00e9v\u00e9nements entre Isra\u00ebl et le Hamas. Publi\u00e9e au moment du Salon des Maires, elle s\u2019int\u00e9resse \u00e9galement \u00e0 l\u2019ancrage territoriale attendu des d\u00e9put\u00e9s.<\/p>\n\n\n\n<p>T\u00e9l\u00e9charger le\u00a0<a href=\"https:\/\/tolunacorporate.com\/wp-content\/uploads\/2025\/05\/Rapport-Harris-Observatoire-Parlement-Vague-5-Seance-Publique-1.pdf\" target=\"_blank\" rel=\"noreferrer noopener\">rapport complet<\/a><\/p>\n\n\n\n<p><strong>Les Fran\u00e7ais ont toujours une image mitig\u00e9e des diff\u00e9rents groupes parlementaires, celui du RN restant per\u00e7u le plus positivement<\/strong><\/p>\n\n\n\n<p>Comme lors des pr\u00e9c\u00e9dentes mesures, le travail des diff\u00e9rents groupes parlementaires ne recueille la satisfaction que d\u2019une minorit\u00e9 des Fran\u00e7ais. On observe cependant une hausse de cette satisfaction pour les diff\u00e9rents groupes de la majorit\u00e9 pr\u00e9sidentielle, les parlementaires des R\u00e9publicains (33%, +4) mais aussi les Socialistes (27%, +4) et les Ecologistes (31%, +2). Si les parlementaires du Rassemblement National restent ceux dont le travail est per\u00e7u le plus positivement, ils ne b\u00e9n\u00e9ficient pas de cet \u00e9lan g\u00e9n\u00e9ral (38%, -1). Les Insoumis, quant \u00e0 eux, restent malgr\u00e9 tout consid\u00e9r\u00e9s comme un des deux groupes parlementaires s\u2019opposant le mieux au gouvernement au sein du Parlement (27%, +1), juste derri\u00e8re les \u00e9lus du RN (34%, -4). Notons qu\u2019en d\u00e9but de l\u00e9gislature, 79% des proches de LFI consid\u00e9raient que \u00ab leurs \u00bb d\u00e9put\u00e9s \u00e9taient les meilleurs opposants. Ils ne sont plus que 48% d\u00e9sormais.<\/p>\n\n\n\n<p><strong>Une division autour du r\u00f4le principal des parlementaires<\/strong><\/p>\n\n\n\n<p>Les Fran\u00e7ais se montrent partag\u00e9s vis-\u00e0-vis du r\u00f4le principal des parlementaires, entre repr\u00e9sentation de leur terre d\u2019\u00e9lection et \u00e9laboration des textes nationaux. Si une courte majorit\u00e9 estime que leur r\u00f4le est avant tout de participer \u00e0 la construction de la loi (51%), une proportion presque similaire pense qu\u2019il est d\u2019abord de porter les pr\u00e9occupations du territoire o\u00f9 ils ont \u00e9t\u00e9 \u00e9lus (47%, mais plus d\u2019un sympathisant sur deux proches de LFI ou du RN).<\/p>\n\n\n\n<p>Plus pr\u00e9cis\u00e9ment, les Fran\u00e7ais attendent en premier lieu de leurs parlementaires qu\u2019ils fassent part des pr\u00e9occupations de leurs \u00e9lecteurs \u00e0 l\u2019Assembl\u00e9e (42%), qu\u2019ils \u00e9coutent et re\u00e7oivent les citoyens de leur circonscription (38%) et les aident concr\u00e8tement dans diff\u00e9rents domaines : logement, emploi\u2026 (35%), alors m\u00eame qu\u2019il ne s\u2019agit pas de leurs missions.<\/p>\n\n\n\n<p><strong>Une opposition relative au cumul des mandats\u2026 \u00e0 nuancer par le type de mandant<\/strong><\/p>\n\n\n\n<p>Une majorit\u00e9 de Fran\u00e7ais estiment que la r\u00e8gle du non-cumul des mandats nationaux et locaux est une bonne chose (63%) et qu\u2019elle permet aux parlementaires de se consacrer uniquement \u00e0 cette fonction, une opinion que partage l\u2019ensemble de la population, quelle que soit la sympathie partisane.<\/p>\n\n\n\n<p>De m\u00eame, seuls 4 Fran\u00e7ais sur 10 se d\u00e9clarent favorables au cumul des mandats de parlementaire et de maire. L\u2019intensit\u00e9 de cette opposition varie n\u00e9anmoins selon la taille de la commune administr\u00e9e. Si elle reste majoritaire lorsqu\u2019il s\u2019agit de grandes ou de moyennes communes (au-del\u00e0 de 1 000 habitants), une courte majorit\u00e9 de la population se dit favorable \u00e0 ce cumul pour les plus petites d\u2019entre elles (54%).<\/p>\n\n\n\n<p><strong>Des Fran\u00e7ais toujours partag\u00e9s quant \u00e0 une \u00e9ventuelle dissolution, qui leur parait de moins en moins probable<\/strong><\/p>\n\n\n\n<p>La situation de majorit\u00e9 relative \u00e0 l\u2019Assembl\u00e9e nationale reste majoritairement per\u00e7ue comme \u00e9tant une bonne chose (64%, + 2) par les Fran\u00e7ais. Ils sont n\u00e9anmoins toujours une moiti\u00e9 \u00e0 estimer que le Pr\u00e9sident de l\u2019Assembl\u00e9e devrait dissoudre l\u2019Assembl\u00e9e au cours des prochains mois, une proportion plus \u00e9lev\u00e9e chez les sympathisants LFI (67%) et RN (69%). Moins d\u20191\/3 des Fran\u00e7ais pensent en revanche qu\u2019Emmanuel Macron utilisera son droit de dissolution de l\u2019Assembl\u00e9e nationale au cours des prochains mois (29%, -1), une opinion en baisse continue depuis mars 2023 (-9 points).<\/p>\n\n\n\n<p>Dans ce contexte, si de nouvelles \u00e9lections l\u00e9gislatives avaient lieu, seule une courte majorit\u00e9 de Fran\u00e7ais souhaiteraient que Renaissance et ses alli\u00e9s disposent d\u2019une majorit\u00e9 \u00e0 l\u2019Assembl\u00e9e nationale (52%, +5 points), un score qui a n\u00e9anmoins progress\u00e9 de 10 points depuis le printemps dernier (ayant atteint son minimum au cours de la s\u00e9quence de la r\u00e9forme des retraites). A noter que seuls 53% des sympathisants de la majorit\u00e9 pr\u00e9sidentielle indiquent souhaiter qu\u2019elle dispose d\u2019une majorit\u00e9 absolue au sein de l\u2019Assembl\u00e9e.<\/p>\n\n\n\n<p>Cette nouvelle mesure nous montre des Fran\u00e7ais qui partagent des divergences concernant le r\u00f4le principal des parlementaires, entre ancrage local et repr\u00e9sentation \u00e0 l\u2019\u00e9chelle national. Le cumul des mandats re\u00e7oit quant \u00e0 lui l\u2019opposition d\u2019une majorit\u00e9 de la population, bien que dans le d\u00e9tail, surtout lorsqu\u2019il s\u2019agit d\u2019\u00eatre \u00e0 la t\u00eate de grandes collectivit\u00e9s.<\/p>\n\n\n\n<p>T\u00e9l\u00e9charger le\u00a0<a href=\"https:\/\/tolunacorporate.com\/wp-content\/uploads\/2025\/05\/Rapport-Harris-Observatoire-Parlement-Vague-5-Seance-Publique.pdf\" target=\"_blank\" rel=\"noreferrer noopener\">rapport complet<\/a><\/p>\n","protected":false},"excerpt":{"rendered":"<p>Enqu\u00eate r\u00e9alis\u00e9e par Harris Interactive en ligne du 7 au 10 novembre<\/p>\n","protected":false},"author":59,"featured_media":14747,"comment_status":"closed","ping_status":"closed","sticky":false,"template":"","format":"standard","meta":{"_acf_changed":false,"_toluna_hide_sidebar":false,"footnotes":""},"categories":[233],"tags":[101],"class_list":["post-14746","post","type-post","status-publish","format-standard","has-post-thumbnail","hentry","category-france-fr","tag-poll-2","entry"],"acf":[],"_links":{"self":[{"href":"https:\/\/tolunacorporate.com\/fr\/wp-json\/wp\/v2\/posts\/14746","targetHints":{"allow":["GET"]}}],"collection":[{"href":"https:\/\/tolunacorporate.com\/fr\/wp-json\/wp\/v2\/posts"}],"about":[{"href":"https:\/\/tolunacorporate.com\/fr\/wp-json\/wp\/v2\/types\/post"}],"author":[{"embeddable":true,"href":"https:\/\/tolunacorporate.com\/fr\/wp-json\/wp\/v2\/users\/59"}],"replies":[{"embeddable":true,"href":"https:\/\/tolunacorporate.com\/fr\/wp-json\/wp\/v2\/comments?post=14746"}],"version-history":[{"count":0,"href":"https:\/\/tolunacorporate.com\/fr\/wp-json\/wp\/v2\/posts\/14746\/revisions"}],"wp:featuredmedia":[{"embeddable":true,"href":"https:\/\/tolunacorporate.com\/fr\/wp-json\/wp\/v2\/media\/14747"}],"wp:attachment":[{"href":"https:\/\/tolunacorporate.com\/fr\/wp-json\/wp\/v2\/media?parent=14746"}],"wp:term":[{"taxonomy":"category","embeddable":true,"href":"https:\/\/tolunacorporate.com\/fr\/wp-json\/wp\/v2\/categories?post=14746"},{"taxonomy":"post_tag","embeddable":true,"href":"https:\/\/tolunacorporate.com\/fr\/wp-json\/wp\/v2\/tags?post=14746"}],"curies":[{"name":"wp","href":"https:\/\/api.w.org\/{rel}","templated":true}]}}