
{"id":14827,"date":"2023-10-09T07:09:58","date_gmt":"2023-10-09T05:09:58","guid":{"rendered":"https:\/\/tolunacorporate.com\/?p=14827"},"modified":"2025-05-11T01:55:47","modified_gmt":"2025-05-10T23:55:47","slug":"du-citoyen-a-la-pme-la-cybermenace-et-nous","status":"publish","type":"post","link":"https:\/\/tolunacorporate.com\/fr\/du-citoyen-a-la-pme-la-cybermenace-et-nous\/","title":{"rendered":"Du citoyen \u00e0 la PME, la cybermenace et nous ?"},"content":{"rendered":"\n<h5 class=\"wp-block-heading\">Enqu\u00eate aupr\u00e8s du Grand Public<br>R\u00e9alis\u00e9e en ligne du 11 au 15 mai 2023. \u00c9chantillon de 1 020 personnes repr\u00e9sentatif des Fran\u00e7ais \u00e2g\u00e9s de 18 ans et plus. M\u00e9thode des quotas et redressement appliqu\u00e9s aux variables suivantes : sexe, \u00e2ge, cat\u00e9gorie socioprofessionnelle et r\u00e9gion de l\u2019interview\u00e9(e).<\/h5>\n\n\n\n<h5 class=\"wp-block-heading\">Enqu\u00eate aupr\u00e8s des PME<br>R\u00e9alis\u00e9e par t\u00e9l\u00e9phone du 10 au 26 mai 2023. \u00c9chantillon de 300 entreprises repr\u00e9sentatives des PME fran\u00e7aises de 10 \u00e0 500 salari\u00e9s. R\u00e9pondants \u00e9ligibles \u00e0 l\u2019enqu\u00eate : membres de la direction ou responsables du service informatique de l\u2019entreprise. M\u00e9thode des quotas et redressement appliqu\u00e9s aux variables suivantes : secteur d\u2019activit\u00e9, r\u00e9gion, et taille de l\u2019entreprise.<\/h5>\n\n\n\n<p><strong>Paris, le 9 octobre,<\/strong><\/p>\n\n\n\n<p>Quel niveau d\u2019inqui\u00e9tude face aux risques li\u00e9s \u00e0 cybers\u00e9curit\u00e9 ? Quelle importance accord\u00e9e \u00e0 la cybers\u00e9curit\u00e9 ? Quels gestes et r\u00e9flexes de pr\u00e9vention chez les Fran\u00e7ais et les salari\u00e9s ?<\/p>\n\n\n\n<p>T\u00e9l\u00e9chargez le\u00a0<a href=\"https:\/\/tolunacorporate.com\/wp-content\/uploads\/2025\/05\/Presentation-Harris-Interactive-Du-citoyen-a-la-PME-la-cybermenace-et-nous-1.pdf\">rapport<\/a>.<\/p>\n\n\n\n<p><strong>Enqu\u00eate aupr\u00e8s du Grand Public<\/strong>&nbsp;:<\/p>\n\n\n\n<ul class=\"wp-block-list\">\n<li>Per\u00e7us \u00e0 la fois comme une cible privil\u00e9gi\u00e9e des attaques informatiques et comme une population peu prot\u00e9g\u00e9e, les&nbsp;<strong>particuliers<\/strong>&nbsp;apparaissent aux yeux des Fran\u00e7ais comme&nbsp;<strong>une des cibles les plus vuln\u00e9rables&nbsp;<\/strong>\u2013 l\u00e0 o\u00f9 les grandes entreprises et les grandes institutions (Etat, UE, ONU\u2026) sont vues comme \u00e9tant mieux prot\u00e9g\u00e9es. Les&nbsp;<strong>petites entreprises&nbsp;<\/strong>et les&nbsp;<strong>institutions de services publics<\/strong>&nbsp;(h\u00f4pitaux, \u00e9coles) apparaissent \u00e9galement particuli\u00e8rement vuln\u00e9rables aux yeux des Fran\u00e7ais.<\/li>\n\n\n\n<li>Si la grande majorit\u00e9 des actifs estiment que les entreprises \u00ab&nbsp;en g\u00e9n\u00e9ral&nbsp;\u00bb sont vuln\u00e9rables aux cyberattaques, ils sont plus partag\u00e9s concernant la&nbsp;<strong>vuln\u00e9rabilit\u00e9 de leur propre entreprise<\/strong>.<\/li>\n\n\n\n<li>Le sentiment de&nbsp;<strong>vuln\u00e9rabilit\u00e9 personnelle&nbsp;<\/strong>est r\u00e9el pour plus d\u20191 Fran\u00e7ais sur 2. Et m\u00eame chez ceux qui pensent appliquer les bons gestes de pr\u00e9vention en mati\u00e8re de cybers\u00e9curit\u00e9, 42% se sentent vuln\u00e9rables face au risque cyber.<\/li>\n\n\n\n<li>Si les&nbsp;<strong>plus jeunes&nbsp;<\/strong>(18-24 ans) sont&nbsp;<strong>davantage confiants dans leurs gestes de pr\u00e9vention&nbsp;<\/strong>face aux risques li\u00e9s \u00e0 la cybers\u00e9curit\u00e9, ils sont pourtant&nbsp;<strong>moins nombreux&nbsp;<\/strong>que les plus \u00e2g\u00e9s \u00e0&nbsp;<strong>rapporter certains r\u00e9flexes essentiels&nbsp;<\/strong>: garder ses mots de passe secrets, faire preuve de prudence face aux mails et messages suspects, utiliser des antivirus, etc.<\/li>\n\n\n\n<li>1 Fran\u00e7ais sur 4 estime recevoir un message suspect\u00e9 d\u2019\u00eatre une tentative d\u2019arnaque&nbsp;<strong>au moins tous les jours<\/strong>. Des messages que les Fran\u00e7ais ont le sentiment de&nbsp;<strong>savoir d\u00e9tecter&nbsp;<\/strong>(71%) et&nbsp;<strong>g\u00e9rer<\/strong>&nbsp;(83%) facilement.<\/li>\n<\/ul>\n\n\n\n<p><strong>Enqu\u00eate aupr\u00e8s des PME<\/strong>&nbsp;:<\/p>\n\n\n\n<ul class=\"wp-block-list\">\n<li>Les dirigeants des PME ont&nbsp;<strong>tr\u00e8s majoritairement (93%) le sentiment que leur entreprise est bien prot\u00e9g\u00e9e&nbsp;<\/strong>en mati\u00e8re de cybers\u00e9curit\u00e9 (tandis que les Fran\u00e7ais apparaissent beaucoup plus partag\u00e9s \u00e0 ce sujet). \u00c0 ce titre, pr\u00e8s des&nbsp;<strong>\u00be des PME de 10 \u00e0 500 salari\u00e9s (74%) indiquent \u00eatre pourvues d\u2019un poste prenant en charge les missions li\u00e9es \u00e0 la s\u00e9curit\u00e9 informatique<\/strong>. Cependant, une majorit\u00e9 de ces entreprises (65%) indiquent se sentir&nbsp;<strong>\u00ab&nbsp;plut\u00f4t&nbsp;\u00bb&nbsp;<\/strong>bien prot\u00e9g\u00e9es quand seulement 28% affirment se sentir \u00ab&nbsp;tr\u00e8s&nbsp;\u00bb bien prot\u00e9g\u00e9es.<\/li>\n\n\n\n<li>Un sentiment de protection qui peut donc apparaitre comme superficiel et qui se traduit par une&nbsp;<strong>inqui\u00e9tude face aux risques de cyberattaques pour 4 PME sur 10&nbsp;<\/strong>(42%). Ce niveau de pr\u00e9occupation est comparable quel que soit le secteur et la taille d\u2019entreprise. C\u2019est pourquoi la cybers\u00e9curit\u00e9 appara\u00eet comme un enjeu important pour la grande majorit\u00e9 des responsables de PME interrog\u00e9s (81%), voire&nbsp;<strong>prioritaire pour 43%&nbsp;<\/strong>d\u2019entre eux \u2013 et ce, tout particuli\u00e8rement dans le secteur des&nbsp;<strong>services<\/strong>&nbsp;(91% important dont 62% prioritaire).<\/li>\n\n\n\n<li>La majorit\u00e9 des repr\u00e9sentants des PME (77%) estiment que&nbsp;<strong>les collaborateurs mettent en place les bons gestes en mati\u00e8re de cybers\u00e9curit\u00e9&nbsp;<\/strong>au quotidien pour prot\u00e9ger l\u2019entreprise. N\u00e9anmoins,&nbsp;<strong>seulement \u00bc en sont totalement convaincus<\/strong>, signe que ces pratiques sont encore souvent per\u00e7ues comme imparfaites. Aussi, le&nbsp;<strong>manque de comp\u00e9tence des salari\u00e9s&nbsp;<\/strong>dans ce domaine et leur<strong>&nbsp;imprudence&nbsp;<\/strong>sont les freins li\u00e9s \u00e0 la cybers\u00e9curit\u00e9 les plus souvent cit\u00e9s par les dirigeants des PME interrog\u00e9s, devant le manque de moyens financiers (27%) ou le manque de personnel (19%).<\/li>\n<\/ul>\n\n\n\n<p>T\u00e9l\u00e9chargez le\u00a0<a href=\"https:\/\/tolunacorporate.com\/wp-content\/uploads\/2025\/05\/Presentation-Harris-Interactive-Du-citoyen-a-la-PME-la-cybermenace-et-nous.pdf\">rapport<\/a>.<\/p>\n\n\n\n<p><\/p>\n","protected":false},"excerpt":{"rendered":"<p>Enqu\u00eate aupr\u00e8s du Grand PublicR\u00e9alis\u00e9e en ligne du 11 au 15 mai<\/p>\n","protected":false},"author":59,"featured_media":14828,"comment_status":"closed","ping_status":"closed","sticky":false,"template":"","format":"standard","meta":{"_acf_changed":false,"_toluna_hide_sidebar":false,"footnotes":""},"categories":[233],"tags":[101],"class_list":["post-14827","post","type-post","status-publish","format-standard","has-post-thumbnail","hentry","category-france-fr","tag-poll-2","entry"],"acf":[],"_links":{"self":[{"href":"https:\/\/tolunacorporate.com\/fr\/wp-json\/wp\/v2\/posts\/14827","targetHints":{"allow":["GET"]}}],"collection":[{"href":"https:\/\/tolunacorporate.com\/fr\/wp-json\/wp\/v2\/posts"}],"about":[{"href":"https:\/\/tolunacorporate.com\/fr\/wp-json\/wp\/v2\/types\/post"}],"author":[{"embeddable":true,"href":"https:\/\/tolunacorporate.com\/fr\/wp-json\/wp\/v2\/users\/59"}],"replies":[{"embeddable":true,"href":"https:\/\/tolunacorporate.com\/fr\/wp-json\/wp\/v2\/comments?post=14827"}],"version-history":[{"count":0,"href":"https:\/\/tolunacorporate.com\/fr\/wp-json\/wp\/v2\/posts\/14827\/revisions"}],"wp:featuredmedia":[{"embeddable":true,"href":"https:\/\/tolunacorporate.com\/fr\/wp-json\/wp\/v2\/media\/14828"}],"wp:attachment":[{"href":"https:\/\/tolunacorporate.com\/fr\/wp-json\/wp\/v2\/media?parent=14827"}],"wp:term":[{"taxonomy":"category","embeddable":true,"href":"https:\/\/tolunacorporate.com\/fr\/wp-json\/wp\/v2\/categories?post=14827"},{"taxonomy":"post_tag","embeddable":true,"href":"https:\/\/tolunacorporate.com\/fr\/wp-json\/wp\/v2\/tags?post=14827"}],"curies":[{"name":"wp","href":"https:\/\/api.w.org\/{rel}","templated":true}]}}