
{"id":14926,"date":"2023-09-05T07:44:47","date_gmt":"2023-09-05T05:44:47","guid":{"rendered":"https:\/\/tolunacorporate.com\/?p=14926"},"modified":"2025-05-11T02:38:36","modified_gmt":"2025-05-11T00:38:36","slug":"perception-des-francais-sur-les-systemes-de-consigne-des-emballages-de-boissons","status":"publish","type":"post","link":"https:\/\/tolunacorporate.com\/fr\/perception-des-francais-sur-les-systemes-de-consigne-des-emballages-de-boissons\/","title":{"rendered":"Perception des Fran\u00e7ais sur les syst\u00e8mes de consigne des emballages de boissons"},"content":{"rendered":"\n<h6 class=\"wp-block-heading\">Connaissance, pratiques, app\u00e9tence et perception globale<\/h6>\n\n\n\n<h5 class=\"wp-block-heading\"><em>Enqu\u00eate r\u00e9alis\u00e9e par Harris Interactive en ligne du 12 au 15 mai 2023. \u00c9chantillon de 1 002 personnes repr\u00e9sentatif des Fran\u00e7ais \u00e2g\u00e9es de 18 ans et plus. M\u00e9thode des quotas et redressement appliqu\u00e9s aux variables suivantes : sexe, \u00e2ge, cat\u00e9gorie socioprofessionnelle, r\u00e9gion et taille d\u2019agglom\u00e9ration de l\u2019interview\u00e9(e).<\/em><\/h5>\n\n\n\n<p><strong>Paris, le 5 septembre,<\/strong><\/p>\n\n\n\n<p>Toluna Harris Interactive a r\u00e9alis\u00e9 pour le compte de Boissons Rafraichissantes de France une enqu\u00eate destin\u00e9e \u00e0&nbsp;<strong>identifier la perception des Fran\u00e7ais sur les syst\u00e8mes de consignes en g\u00e9n\u00e9ral<\/strong>, mais aussi connaitre leur avis concernant l\u2019hypoth\u00e9tique&nbsp;<strong>mise en place d\u2019un dispositif de consignes sur les emballages de boissons<\/strong>.<\/p>\n\n\n\n<p>Afin de r\u00e9pondre \u00e0 ces questions, Harris Interactive a interrog\u00e9 un&nbsp;<strong>\u00e9chantillon de 1 002 personnes<\/strong>, repr\u00e9sentatif des Fran\u00e7ais \u00e2g\u00e9s de 18 ans et plus.<strong><\/strong><\/p>\n\n\n\n<p><a href=\"https:\/\/tolunacorporate.com\/wp-content\/uploads\/2025\/05\/Rapport-Toluna-Harris-Interactive-Perception-sur-la-consigne-des-emballages-de-boissons.pdf\">T\u00e9l\u00e9chargez le rapport<\/a><\/p>\n\n\n\n<blockquote class=\"wp-block-quote is-layout-flow wp-block-quote-is-layout-flow\"><style>.wp-block-toluna-advancedheading.kt-adv-heading14926_2d80e4-80, .wp-block-toluna-advancedheading.kt-adv-heading14926_2d80e4-80[data-kb-block=\"kb-adv-heading14926_2d80e4-80\"]{font-style:normal;}.wp-block-toluna-advancedheading.kt-adv-heading14926_2d80e4-80 mark.kt-highlight, .wp-block-toluna-advancedheading.kt-adv-heading14926_2d80e4-80[data-kb-block=\"kb-adv-heading14926_2d80e4-80\"] mark.kt-highlight{font-style:normal;color:#f76a0c;-webkit-box-decoration-break:clone;box-decoration-break:clone;padding-top:0px;padding-right:0px;padding-bottom:0px;padding-left:0px;}<\/style>\n<h6 class=\"kt-adv-heading14926_2d80e4-80 wp-block-toluna-advancedheading\" data-kb-block=\"kb-adv-heading14926_2d80e4-80\">Que retenir de cette enqu\u00eate&nbsp;?<\/h6>\n<\/blockquote>\n\n\n\n<h6 class=\"wp-block-heading\"><strong>Le tri non-syst\u00e9matique des d\u00e9chets&nbsp;: une th\u00e9matique surtout pr\u00e9gnante aupr\u00e8s des personnes vivant dans de petits espaces (jeunes, grandes agglom\u00e9rations)<\/strong><\/h6>\n\n\n\n<p><strong>7 Fran\u00e7ais sur 10<\/strong>&nbsp;(72%) indiquent&nbsp;<strong>trier syst\u00e9matiquement<\/strong>&nbsp;<strong>leurs d\u00e9chets<\/strong>, pratique moins fr\u00e9quente chez les plus jeunes et les Fran\u00e7ais vivant en appartement et en grande agglom\u00e9ration. Les principaux freins d\u00e9clar\u00e9s au tri des d\u00e9chets est&nbsp;<strong>le manque de place<\/strong>&nbsp;dans le domicile et&nbsp;<strong>l\u2019inaccessibilit\u00e9 des bacs de tris<\/strong>.<\/p>\n\n\n\n<h6 class=\"wp-block-heading\"><strong>Des syst\u00e8mes de consignes per\u00e7us comme contraignants mais \u00e9galement comme une solution d\u2019avenir efficace<\/strong><\/h6>\n\n\n\n<p>Si les moins de 35 ans indiquent trier moins syst\u00e9matiquement leurs d\u00e9chets que la moyenne des Fran\u00e7ais, ils sont cependant&nbsp;<strong>plus familiers des syst\u00e8mes de consignes<\/strong>. Ils sont en effet&nbsp;<strong>79% \u00e0 avoir d\u00e9j\u00e0 exp\u00e9riment\u00e9<\/strong>&nbsp;un tel syst\u00e8me sur un emballage ou un contenant lors d\u2019un \u00e9v\u00e8nement sportif\/culturel ou dans un commerce, contre&nbsp;<strong>55% chez l\u2019ensemble des Fran\u00e7ais<\/strong>.<\/p>\n\n\n\n<p>Si les 2\/3 des Fran\u00e7ais (66%) d\u00e9clarent savoir pr\u00e9cis\u00e9ment en quoi consiste un syst\u00e8me de consigne, seulement&nbsp;<strong>la moiti\u00e9 des utilisateurs d\u00e9clarent avoir syst\u00e9matiquement restitu\u00e9 le contenant<\/strong>&nbsp;consign\u00e9 au final, et, l\u00e0 aussi,&nbsp;<strong>les plus jeunes<\/strong>&nbsp;apparaissent comme&nbsp;<strong>les moins respectueux<\/strong>&nbsp;du syst\u00e8me.<\/p>\n\n\n\n<p>Des syst\u00e8mes de consigne jug\u00e9es majoritairement comme non-contraignants&nbsp;: 57% des utilisateurs d\u00e9clarent que l\u2019utilisation d\u2019une consigne pour un produit dans un commerce n\u2019a pas \u00e9t\u00e9 contraignant pour eux, notamment pour les plus de 50 ans et ceux qui vivent dans une maison. N\u00e9anmoins, les 2\/3 des Fran\u00e7ais (66%) estiment que les syst\u00e8mes de consigne sont&nbsp;<strong>contraignants pour ceux qui les mettent&nbsp;<\/strong>en place (commer\u00e7ants, organisateurs d\u2019\u00e9v\u00e8nements, \u2026). A noter que&nbsp;<strong>les Fran\u00e7ais qui n\u2019ont jamais exp\u00e9riment\u00e9<\/strong>&nbsp;de syst\u00e8me de consigne&nbsp;<strong>surestiment ces niveaux de contraintes<\/strong>, par rapport aux utilisateurs.<\/p>\n\n\n\n<p>En d\u00e9pit de ces difficult\u00e9s, le fait que les syst\u00e8mes de consigne sont des&nbsp;<strong>solutions d\u2019avenir ayant vocation \u00e0 se g\u00e9n\u00e9raliser<\/strong>&nbsp;et sont&nbsp;<strong>efficaces pour r\u00e9duire le volume de d\u00e9chets issus des emballages<\/strong>&nbsp;font consensus pour plus de 8 Fran\u00e7ais sur 10 (respectivement 80% et 82% de \u00ab&nbsp;d\u2019accord&nbsp;\u00bb). Des opinions particuli\u00e8rement partag\u00e9es par les&nbsp;<strong>plus \u00e2g\u00e9s<\/strong>&nbsp;et les&nbsp;<strong>cat\u00e9gories ais\u00e9es<\/strong>.<\/p>\n\n\n\n<h6 class=\"wp-block-heading\"><strong>Des Fran\u00e7ais largement favorables \u00e0 la mise en place d\u2019un syst\u00e8me de consigne sur les emballages de boissons, mais qui impliquerait n\u00e9anmoins un effort important dans leur quotidien<\/strong><\/h6>\n\n\n\n<p><strong>83% des Fran\u00e7ais<\/strong>&nbsp;sont favorables \u00e0 la&nbsp;<strong>mise en place d\u2019un dispositif de consigne<\/strong>&nbsp;sur les emballages de boissons dans les commerces, un avis d\u2019autant plus partag\u00e9 chez les acheteurs r\u00e9guliers de boissons et les 25-34 ans. N\u00e9anmoins, \u00e0 l\u2019image des pratiques d\u00e9clar\u00e9es \u00e0 ce jour, seulement&nbsp;<strong>une moiti\u00e9 des Fran\u00e7ais&nbsp;<\/strong>(49%) indiquent \u00eatre pr\u00eats \u00e0&nbsp;<strong>syst\u00e9matiquement rapporter leurs emballages<\/strong>&nbsp;de boissons consign\u00e9s dans le commerce d\u2019origine ou dans un autre point de collecte.<\/p>\n\n\n\n<p>L\u00e0 aussi, les&nbsp;<strong>plus jeunes apparaissent comme les plus frileux<\/strong>. En effet, ils sont 64% \u00e0 d\u00e9clarer que l\u2019application d\u2019un tel syst\u00e8me impliquerait&nbsp;<strong>un effort important<\/strong>&nbsp;de leur part dans leur quotidien, contre&nbsp;<strong>56% sur l\u2019ensemble des Fran\u00e7ais<\/strong>.<\/p>\n\n\n\n<p>Enfin, seulement&nbsp;<strong>la moiti\u00e9 des Fran\u00e7ais<\/strong>&nbsp;(52%) d\u00e9clarent qu\u2019un tel syst\u00e8me de consigne les&nbsp;<strong>inciteraient \u00e0 davantage trier leurs emballages de boissons<\/strong>&nbsp;et 1\/3 (33%) que cela ne changerait rien du tout \u00e0 leurs habitudes.<\/p>\n\n\n\n<h5 class=\"wp-block-heading\"><strong>Conclusion<\/strong><\/h5>\n\n\n\n<p>On le sait, en France, les habitudes impr\u00e8gnent fortement nos comportements. Le changement prend du temps \u00e0 s\u2019op\u00e9rer. Mais, lorsqu\u2019il survient,&nbsp;<strong>la rapidit\u00e9 d\u2019appropriation est certaine<\/strong>. On a pu le voir, d\u00e9j\u00e0 par le pass\u00e9, avec la mise en place du tri s\u00e9lectif. On le voit ici, ce n\u2019est pas tant un d\u00e9ficit d\u2019information qui pr\u00e9side aux comportements mais plus&nbsp;<strong>les aspects objectifs<\/strong>. Ce n\u2019est pas tant que l\u2019on ne se sente pas concern\u00e9 (les jeunes et urbains sont, sur le papier, les plus sensibles aux enjeux \u00e9cologiques et environnementaux) mais que&nbsp;<strong>l\u2019on ne trouve pas le ressors \u00e0 agir<\/strong>. \u00ab&nbsp;Aidez-moi \u00e0 mieux me comporter&nbsp;\u00bb semblent dire les Fran\u00e7ais interrog\u00e9s. A ce titre, les dynamiques collectives aident \u00e0 changer d\u2019attitude.<\/p>\n\n\n\n<p><a href=\"https:\/\/tolunacorporate.com\/wp-content\/uploads\/2025\/05\/Rapport-Toluna-Harris-Interactive-Perception-sur-la-consigne-des-emballages-de-boissons-1.pdf\">T\u00e9l\u00e9chargez le rapport<\/a><\/p>\n","protected":false},"excerpt":{"rendered":"<p>Connaissance, pratiques, app\u00e9tence et perception globale Enqu\u00eate r\u00e9alis\u00e9e par Harris Interactive en<\/p>\n","protected":false},"author":59,"featured_media":14927,"comment_status":"closed","ping_status":"closed","sticky":false,"template":"","format":"standard","meta":{"_acf_changed":false,"_toluna_hide_sidebar":false,"footnotes":""},"categories":[233],"tags":[101],"class_list":["post-14926","post","type-post","status-publish","format-standard","has-post-thumbnail","hentry","category-france-fr","tag-poll-2","entry"],"acf":[],"_links":{"self":[{"href":"https:\/\/tolunacorporate.com\/fr\/wp-json\/wp\/v2\/posts\/14926","targetHints":{"allow":["GET"]}}],"collection":[{"href":"https:\/\/tolunacorporate.com\/fr\/wp-json\/wp\/v2\/posts"}],"about":[{"href":"https:\/\/tolunacorporate.com\/fr\/wp-json\/wp\/v2\/types\/post"}],"author":[{"embeddable":true,"href":"https:\/\/tolunacorporate.com\/fr\/wp-json\/wp\/v2\/users\/59"}],"replies":[{"embeddable":true,"href":"https:\/\/tolunacorporate.com\/fr\/wp-json\/wp\/v2\/comments?post=14926"}],"version-history":[{"count":0,"href":"https:\/\/tolunacorporate.com\/fr\/wp-json\/wp\/v2\/posts\/14926\/revisions"}],"wp:featuredmedia":[{"embeddable":true,"href":"https:\/\/tolunacorporate.com\/fr\/wp-json\/wp\/v2\/media\/14927"}],"wp:attachment":[{"href":"https:\/\/tolunacorporate.com\/fr\/wp-json\/wp\/v2\/media?parent=14926"}],"wp:term":[{"taxonomy":"category","embeddable":true,"href":"https:\/\/tolunacorporate.com\/fr\/wp-json\/wp\/v2\/categories?post=14926"},{"taxonomy":"post_tag","embeddable":true,"href":"https:\/\/tolunacorporate.com\/fr\/wp-json\/wp\/v2\/tags?post=14926"}],"curies":[{"name":"wp","href":"https:\/\/api.w.org\/{rel}","templated":true}]}}