
{"id":15514,"date":"2023-06-15T20:26:30","date_gmt":"2023-06-15T18:26:30","guid":{"rendered":"https:\/\/tolunacorporate.com\/?p=15514"},"modified":"2025-05-09T20:30:56","modified_gmt":"2025-05-09T18:30:56","slug":"les-francais-et-limmobilier","status":"publish","type":"post","link":"https:\/\/tolunacorporate.com\/fr\/les-francais-et-limmobilier\/","title":{"rendered":"Les Fran\u00e7ais et l\u2019immobilier"},"content":{"rendered":"\n<h5 class=\"wp-block-heading\">Enqu\u00eate r\u00e9alis\u00e9e&nbsp;<strong>en ligne&nbsp;<\/strong>du&nbsp;<strong>2<\/strong>&nbsp;au&nbsp;<strong>7 juin&nbsp;<\/strong>2023. \u00c9chantillon de&nbsp;<strong>2 110<\/strong>&nbsp;personnes repr\u00e9sentatif des Fran\u00e7ais \u00e2g\u00e9s de 18 ans et plus. M\u00e9thode des quotas et redressement appliqu\u00e9s aux variables suivantes : sexe, \u00e2ge, cat\u00e9gorie socioprofessionnelle, r\u00e9gion et cat\u00e9gorie d\u2019agglom\u00e9ration de l\u2019interview\u00e9(e).<\/h5>\n\n\n\n<p><strong>Paris, le 16 juin,<\/strong><\/p>\n\n\n\n<p><em>Quelles perceptions du secteur par les Fran\u00e7ais ? Quelle image pour les r\u00e9seaux d\u2019agences immobili\u00e8res ?<\/em><\/p>\n\n\n\n<p>T\u00e9l\u00e9charger le\u00a0<a href=\"https:\/\/tolunacorporate.com\/wp-content\/uploads\/2025\/05\/Rapport-Toluna-Harris-Les-Francais-et-limmobilier-RTL-Pour-publication-1.pdf\" target=\"_blank\" rel=\"noreferrer noopener\">rapport complet<\/a><\/p>\n\n\n\n<p><strong>Que retenir de cette enqu\u00eate ?&nbsp;<\/strong><\/p>\n\n\n\n<ul class=\"wp-block-list\">\n<li>L\u2019importance de l\u2019immobilier comme valeur d\u2019investissement ne se d\u00e9ment pas :\u00a0<strong>l\u2019acc\u00e8s \u00e0 la propri\u00e9t\u00e9 est consid\u00e9r\u00e9 comme un investissement s\u00fbr pour les Fran\u00e7ais (82%)\u2026 Voire comme un investissement n\u00e9cessaire<\/strong>. Qu\u2019il s\u2019agisse de pouvoir prendre sa retraite (80%) ou d\u2019avoir des enfants (58%), l\u2019acc\u00e8s \u00e0 la propri\u00e9t\u00e9 apparait pour de nombreux Fran\u00e7ais comme une condition\u00a0<em>sine qua non\u00a0<\/em>pour envisager l\u2019avenir tout en restant serein financi\u00e8rement.<\/li>\n<\/ul>\n\n\n\n<ul class=\"wp-block-list\">\n<li>Mais, alors que le march\u00e9 de l\u2019immobilier connait une certaine tension depuis plusieurs mois, les Fran\u00e7ais\u00a0<strong>font plut\u00f4t part de leur pessimisme\u00a0<\/strong>vis-\u00e0-vis des marges de man\u0153uvre dont ils disposent pour agir dans ce secteur. En effet<strong>, 2 Fran\u00e7ais sur 3 d\u00e9clarent qu\u2019il leur semble difficile de trouver un logement \u00e0 la location (64%) ou tout simplement de se loger (66%) l\u00e0 o\u00f9 ils habitent.\u00a0<\/strong>Ils sont m\u00eame 76% \u00e0 estimer qu\u2019il leur serait aujourd\u2019hui compliqu\u00e9 d\u2019obtenir un pr\u00eat pour acheter un logement.\u00a0<strong>Une situation critique sur de nombreux plans qui semble d\u2019ailleurs toucher particuli\u00e8rement les locataires, notamment lorsque ceux-ci consid\u00e8rent leur potentiel d\u2019acc\u00e8s \u00e0 la propri\u00e9t\u00e9.\u00a0<\/strong>Malgr\u00e9 une ambition marqu\u00e9e de devenir propri\u00e9taires (67% dont 55% indiquent qu\u2019il s\u2019agit d\u2019un projet affirm\u00e9), 69% des locataires indiquent que cela leur semble compliqu\u00e9,\u00a0<strong>voire inaccessible financi\u00e8rement pour leur budget (59%).<\/strong><\/li>\n<\/ul>\n\n\n\n<ul class=\"wp-block-list\">\n<li><strong>Ces difficult\u00e9s incitent peu les locataires \u00e0 envisager des projets immobiliers dans un avenir plus ou moins proche, 43% pensant r\u00e9aliser r\u00e9ellement le projet de devenir propri\u00e9taires.\u00a0<\/strong>Dans un contexte de difficult\u00e9s pour le secteur de l\u2019immobilier, les Fran\u00e7ais privil\u00e9gient g\u00e9n\u00e9ralement la stabilit\u00e9, seul un tiers d\u2019entre eux envisageant de changer de logement (36%) ou de ville de r\u00e9sidence (33%) dans un avenir relativement proche. Notons toutefois des envies plus prononc\u00e9es chez les Franciliens, une tendance d\u00e9j\u00e0 sensible qui s\u2019est accentu\u00e9e depuis la crise sanitaire.<\/li>\n<\/ul>\n\n\n\n<ul class=\"wp-block-list\">\n<li><strong>Concernant leurs d\u00e9marches dans le secteur de l\u2019immobilier, les Fran\u00e7ais consultent principalement les sites d\u2019annonces entre particuliers (51%) et les sites professionnels d\u2019annonces des r\u00e9seaux d\u2019agence (47%).\u00a0<\/strong>Mais dans le cadre d\u2019un achat, l\u2019accompagnement par un professionnel issu d\u2019un r\u00e9seau d\u2019agences immobili\u00e8res serait largement privil\u00e9gi\u00e9 par les Fran\u00e7ais, loin devant les autres interlocuteurs test\u00e9s. Lors d\u2019un projet immobilier, les Fran\u00e7ais d\u00e9clarent s\u00e9lectionner les r\u00e9seaux d\u2019agences selon plusieurs crit\u00e8res bien d\u00e9finis comme la nature des biens propos\u00e9s (59%) et le montant de la prestation (55%). La moiti\u00e9 des Fran\u00e7ais indiquent que la personnification du r\u00e9seau ou sa m\u00e9diatisation peuvent \u00e9galement renforcer la confiance qu\u2019ils lui portent.<\/li>\n<\/ul>\n\n\n\n<ul class=\"wp-block-list\">\n<li>Au niveau professionnel, le secteur de l\u2019immobilier b\u00e9n\u00e9ficie d\u2019une image positive aupr\u00e8s des Fran\u00e7ais :\u00a0<strong>la majorit\u00e9 d\u2019entre eux consid\u00e8rent ce secteur d\u2019activit\u00e9 comme accessible \u00e0 de nombreux niveaux d\u2019\u00e9tudes (78%), qui recrute (74%), qui propose des conditions de r\u00e9mun\u00e9ration (74%) et de travail (72%) int\u00e9ressantes (74%), innovant (74%) ou qui propose des perspectives d\u2019\u00e9volution professionnelle (72%).\u00a0<\/strong>Ces repr\u00e9sentations positives se manifestent \u00e9galement dans la perception que se font les Fran\u00e7ais des m\u00e9tiers de ce secteur : 79% les consid\u00e8rent int\u00e9ressants, 73% valorisants et 72% bien connus. En revanche, les formations d\u2019acc\u00e8s \u00e0 ces m\u00e9tiers demeurent peu connues, seul 1 Fran\u00e7ais sur 3 d\u00e9clarant en avoir connaissance. En plus d\u2019une bonne image, ce secteur b\u00e9n\u00e9ficie d\u2019une bonne attractivit\u00e9, 61% des actifs \u00e9tant pr\u00eats \u00e0 le recommander \u00e0 leurs proches et 45% indiquent qu\u2019ils aimeraient y travailler.<\/li>\n<\/ul>\n\n\n\n<p>T\u00e9l\u00e9charger le\u00a0<a href=\"https:\/\/tolunacorporate.com\/wp-content\/uploads\/2025\/05\/Rapport-Toluna-Harris-Les-Francais-et-limmobilier-RTL-Pour-publication.pdf\" target=\"_blank\" rel=\"noreferrer noopener\">rapport complet<\/a><\/p>\n\n\n\n<p><\/p>\n","protected":false},"excerpt":{"rendered":"<p>Enqu\u00eate r\u00e9alis\u00e9e&nbsp;en ligne&nbsp;du&nbsp;2&nbsp;au&nbsp;7 juin&nbsp;2023. \u00c9chantillon de&nbsp;2 110&nbsp;personnes repr\u00e9sentatif des Fran\u00e7ais \u00e2g\u00e9s de<\/p>\n","protected":false},"author":59,"featured_media":15531,"comment_status":"closed","ping_status":"closed","sticky":false,"template":"","format":"standard","meta":{"_acf_changed":false,"_toluna_hide_sidebar":false,"footnotes":""},"categories":[233],"tags":[101],"class_list":["post-15514","post","type-post","status-publish","format-standard","has-post-thumbnail","hentry","category-france-fr","tag-poll-2","entry"],"acf":[],"_links":{"self":[{"href":"https:\/\/tolunacorporate.com\/fr\/wp-json\/wp\/v2\/posts\/15514","targetHints":{"allow":["GET"]}}],"collection":[{"href":"https:\/\/tolunacorporate.com\/fr\/wp-json\/wp\/v2\/posts"}],"about":[{"href":"https:\/\/tolunacorporate.com\/fr\/wp-json\/wp\/v2\/types\/post"}],"author":[{"embeddable":true,"href":"https:\/\/tolunacorporate.com\/fr\/wp-json\/wp\/v2\/users\/59"}],"replies":[{"embeddable":true,"href":"https:\/\/tolunacorporate.com\/fr\/wp-json\/wp\/v2\/comments?post=15514"}],"version-history":[{"count":0,"href":"https:\/\/tolunacorporate.com\/fr\/wp-json\/wp\/v2\/posts\/15514\/revisions"}],"wp:featuredmedia":[{"embeddable":true,"href":"https:\/\/tolunacorporate.com\/fr\/wp-json\/wp\/v2\/media\/15531"}],"wp:attachment":[{"href":"https:\/\/tolunacorporate.com\/fr\/wp-json\/wp\/v2\/media?parent=15514"}],"wp:term":[{"taxonomy":"category","embeddable":true,"href":"https:\/\/tolunacorporate.com\/fr\/wp-json\/wp\/v2\/categories?post=15514"},{"taxonomy":"post_tag","embeddable":true,"href":"https:\/\/tolunacorporate.com\/fr\/wp-json\/wp\/v2\/tags?post=15514"}],"curies":[{"name":"wp","href":"https:\/\/api.w.org\/{rel}","templated":true}]}}