
{"id":15716,"date":"2023-05-22T21:13:31","date_gmt":"2023-05-22T19:13:31","guid":{"rendered":"https:\/\/tolunacorporate.com\/?p=15716"},"modified":"2025-05-09T21:15:51","modified_gmt":"2025-05-09T19:15:51","slug":"le-rapport-des-francais-au-logement-et-a-la-renovation-energetique","status":"publish","type":"post","link":"https:\/\/tolunacorporate.com\/fr\/le-rapport-des-francais-au-logement-et-a-la-renovation-energetique\/","title":{"rendered":"Le rapport des Fran\u00e7ais au logement et \u00e0 la r\u00e9novation \u00e9nerg\u00e9tique"},"content":{"rendered":"\n<h5 class=\"wp-block-heading\">Enqu\u00eate r\u00e9alis\u00e9e&nbsp;<strong>en ligne&nbsp;<\/strong>du&nbsp;<strong>31 mars<\/strong>&nbsp;au&nbsp;<strong>4 avril 2023.&nbsp;<\/strong>\u00c9chantillon de&nbsp;<strong>1 014&nbsp;<\/strong>personnes repr\u00e9sentatif de la population fran\u00e7aise \u00e2g\u00e9e de 18 ans et plus. M\u00e9thode des quotas et redressement appliqu\u00e9s aux variables suivantes : sexe, \u00e2ge, cat\u00e9gorie socioprofessionnelle, r\u00e9gion et taille d\u2019agglom\u00e9ration de l\u2019interview\u00e9(e).<\/h5>\n\n\n\n<p><strong>Paris, le 22 mai,<\/strong><\/p>\n\n\n\n<ul class=\"wp-block-list\">\n<li><strong>1 Fran\u00e7ais sur 3 envisage d\u2019acheter un logement<\/strong>\u00a0dans les 12 mois \u00e0 venir. Cet attrait concerne d\u2019abord l\u2019achat d\u2019une r\u00e9sidence principale (26%), puis l\u2019investissement locatif (22%). L\u2019intention d\u2019achat d\u2019une r\u00e9sidence secondaire recule de 4 points par rapport \u00e0 juin 2022 (16%).<\/li>\n<\/ul>\n\n\n\n<ul class=\"wp-block-list\">\n<li>En ce qui concerne les r\u00e9sidences principales,\u00a0<strong>51%<\/strong>\u00a0envisagent d\u2019acheter une\u00a0<strong>maison\u00a0<\/strong>(-7 points vs. 2022) et\u00a0<strong>26% un appartement<\/strong>\u00a0(+4 points).<\/li>\n<\/ul>\n\n\n\n<ul class=\"wp-block-list\">\n<li>Le\u00a0<strong>niveau de luminosit\u00e9 (<\/strong>92%), la\u00a0<strong>pr\u00e9sence d\u2019un espace ext\u00e9rieur\u00a0<\/strong>(91%) et la\u00a0<strong>performance \u00e9nerg\u00e9tique\u00a0<\/strong>(91%) apparaissent comme les trois principaux crit\u00e8res de choix lors de l\u2019achat d\u2019un logement.<\/li>\n<\/ul>\n\n\n\n<ul class=\"wp-block-list\">\n<li>Concernant ces performances \u00e9nerg\u00e9tiques,\u00a0<strong>26% des Fran\u00e7ais<\/strong>\u00a0estiment que leur logement est\u00a0<strong>mal isol\u00e9<\/strong>. C\u2019est dans ce contexte que\u00a0<strong>32%<\/strong>\u00a0des Fran\u00e7ais ont l\u2019<strong>intention de r\u00e9aliser des travaux\u00a0<\/strong>de r\u00e9novation \u00e9nerg\u00e9tique, et\u00a0<strong>42% parmi les propri\u00e9taires<\/strong>.<\/li>\n<\/ul>\n\n\n\n<ul class=\"wp-block-list\">\n<li>Des travaux de r\u00e9novation pour lesquels les Fran\u00e7ais ont besoin d\u2019aide. En effet,\u00a0<strong>84%<\/strong>\u00a0d\u2019entre eux\u00a0<strong>souhaitent \u00eatre accompagn\u00e9s<\/strong>\u00a0dans leur projet, que cela concerne la\u00a0<strong>r\u00e9alisation des travaux<\/strong>\u00a0ou\u00a0<strong>leur financement<\/strong>.<\/li>\n<\/ul>\n\n\n\n<ul class=\"wp-block-list\">\n<li>Concernant ces financements, et plus globalement concernant l\u2019ensemble des aides au logement existantes en France, le\u00a0<strong>ch\u00e8que \u00e9nergie<\/strong>\u00a0(84%), les\u00a0<strong>APL<\/strong>\u00a0(83%),\u00a0<strong>MaPrim\u2019R\u00e9nov<\/strong>\u00a0(77%) et le\u00a0<strong>pr\u00eat li\u00e9 au PEL<\/strong>\u00a0(76%) sont les plus connues des Fran\u00e7ais.<\/li>\n<\/ul>\n\n\n\n<ul class=\"wp-block-list\">\n<li>Outre un\u00a0<strong>accompagnement sur le financement<\/strong>\u00a0(30% de \u00ab\u00a0principal conseil attendu\u00a0\u00bb), s\u2019ils devaient acheter ou vendre un bien immobilier, les conseils les plus attendus par les Fran\u00e7ais aupr\u00e8s d\u2019un professionnel de l\u2019immobilier seraient un\u00a0<strong>accompagnement sur les \u00e9tapes qui suivent l\u2019achat<\/strong>\u00a0(21%) et de\u00a0<strong>b\u00e9n\u00e9ficier d\u2019un suivi de l\u2019\u00e9volution de la valeur<\/strong>\u00a0du bien dans le temps (21%), attente qui progresse par rapport \u00e0 2022.<\/li>\n<\/ul>\n\n\n\n<p>T\u00e9l\u00e9charger le\u00a0<a href=\"https:\/\/tolunacorporate.com\/wp-content\/uploads\/2025\/05\/Rapport-Harris-pour-communication-Le-rapport-des-Francais-au-logement-et-a-la-renovation-energetique.pdf\" target=\"_blank\" rel=\"noreferrer noopener\">rapport complet<\/a><\/p>\n\n\n\n<p><\/p>\n","protected":false},"excerpt":{"rendered":"<p>Enqu\u00eate r\u00e9alis\u00e9e&nbsp;en ligne&nbsp;du&nbsp;31 mars&nbsp;au&nbsp;4 avril 2023.&nbsp;\u00c9chantillon de&nbsp;1 014&nbsp;personnes repr\u00e9sentatif de la population<\/p>\n","protected":false},"author":59,"featured_media":15725,"comment_status":"closed","ping_status":"closed","sticky":false,"template":"","format":"standard","meta":{"_acf_changed":false,"_toluna_hide_sidebar":false,"footnotes":""},"categories":[233],"tags":[101],"class_list":["post-15716","post","type-post","status-publish","format-standard","has-post-thumbnail","hentry","category-france-fr","tag-poll-2","entry"],"acf":[],"_links":{"self":[{"href":"https:\/\/tolunacorporate.com\/fr\/wp-json\/wp\/v2\/posts\/15716","targetHints":{"allow":["GET"]}}],"collection":[{"href":"https:\/\/tolunacorporate.com\/fr\/wp-json\/wp\/v2\/posts"}],"about":[{"href":"https:\/\/tolunacorporate.com\/fr\/wp-json\/wp\/v2\/types\/post"}],"author":[{"embeddable":true,"href":"https:\/\/tolunacorporate.com\/fr\/wp-json\/wp\/v2\/users\/59"}],"replies":[{"embeddable":true,"href":"https:\/\/tolunacorporate.com\/fr\/wp-json\/wp\/v2\/comments?post=15716"}],"version-history":[{"count":0,"href":"https:\/\/tolunacorporate.com\/fr\/wp-json\/wp\/v2\/posts\/15716\/revisions"}],"wp:featuredmedia":[{"embeddable":true,"href":"https:\/\/tolunacorporate.com\/fr\/wp-json\/wp\/v2\/media\/15725"}],"wp:attachment":[{"href":"https:\/\/tolunacorporate.com\/fr\/wp-json\/wp\/v2\/media?parent=15716"}],"wp:term":[{"taxonomy":"category","embeddable":true,"href":"https:\/\/tolunacorporate.com\/fr\/wp-json\/wp\/v2\/categories?post=15716"},{"taxonomy":"post_tag","embeddable":true,"href":"https:\/\/tolunacorporate.com\/fr\/wp-json\/wp\/v2\/tags?post=15716"}],"curies":[{"name":"wp","href":"https:\/\/api.w.org\/{rel}","templated":true}]}}