
{"id":20027,"date":"2022-11-14T08:58:57","date_gmt":"2022-11-14T07:58:57","guid":{"rendered":"https:\/\/tolunacorporate.com\/?p=20027"},"modified":"2025-05-20T09:02:13","modified_gmt":"2025-05-20T07:02:13","slug":"du-bien-vivre-au-bien-vieillir-enquete-2-3","status":"publish","type":"post","link":"https:\/\/tolunacorporate.com\/fr\/du-bien-vivre-au-bien-vieillir-enquete-2-3\/","title":{"rendered":"Du bien vivre au bien vieillir \u2013 Enqu\u00eate 2\/3"},"content":{"rendered":"\n<h5 class=\"wp-block-heading\">Enqu\u00eate r\u00e9alis\u00e9e en ligne les 17 et 18 octobre 2022. \u00c9chantillon de 1 090 personnes repr\u00e9sentatif des Fran\u00e7ais \u00e2g\u00e9s de 18 ans et plus. M\u00e9thode des quotas et redressement appliqu\u00e9s aux variables suivantes : sexe, \u00e2ge, cat\u00e9gorie socioprofessionnelle et r\u00e9gion de l\u2019interview\u00e9(e).<\/h5>\n\n\n\n<p><strong>Paris, le 14 novembre,<\/strong><\/p>\n\n\n\n<p>T\u00e9l\u00e9charger\u00a0<a href=\"https:\/\/tolunacorporate.com\/wp-content\/uploads\/2025\/05\/Rapport-Harris-Vieillir-Cetelem-V2.pdf\">le rapport complet<\/a><\/p>\n\n\n\n<p><strong>Que retenir de cette enqu\u00eate ?<\/strong><\/p>\n\n\n\n<p><strong>Une vieillesse sans \u00e2ge ?<\/strong><\/p>\n\n\n\n<ul class=\"wp-block-list\">\n<li>Difficile de donner un \u00e2ge \u00e0 la vieillesse. En tout cas, lorsqu\u2019on demande aux Fran\u00e7ais \u00e0 partir de quel \u00e2ge on est \u00ab vieux \u00bb,\u00a0<strong>50% se refusent \u00e0 donner une r\u00e9ponse chiffr\u00e9e<\/strong>. Chez ceux qui s\u2019y risquent,\u00a0<strong>les \u00e2ges donn\u00e9s sont tr\u00e8s disparates<\/strong>\u00a0: ainsi, 15% situent le \u00ab seuil \u00bb de la vieillesse avant 60 ans, tandis que 24% le placent apr\u00e8s 80 ans. En moyenne, on estime que l\u2019\u00e2ge de la \u00ab vieillesse \u00bb correspond \u00e0 68 ans. Mais cette estimation d\u00e9pend fortement de l\u2019\u00e2ge (allant de 58 ans en moyenne chez les moins de 35 ans \u00e0 74 ans chez les 65 ans et plus). Aussi, seules 18% des personnes interrog\u00e9es ont cit\u00e9 un nombre inf\u00e9rieur \u00e0 leur propre \u00e2ge, et se consid\u00e8rent donc comme faisant partie des \u00ab seniors \u00bb.<\/li>\n<\/ul>\n\n\n\n<ul class=\"wp-block-list\">\n<li>\u00catre \u00ab vieux \u00bb ou non d\u00e9pend aussi du contexte social. Dans le cadre du travail, et plus particuli\u00e8rement de l\u2019entreprise,\u00a0<strong>le \u00ab seuil \u00bb de la vieillesse est plus pr\u00e9coce aux yeux des Fran\u00e7ais<\/strong>. En effet, ceux qui se prononcent sur la question estiment, en moyenne, qu\u2019on est consid\u00e9r\u00e9 comme \u00ab vieux \u00bb dans une entreprise d\u00e8s 54 ans. Cette fois-ci, plus d\u20191\/4 des actifs interrog\u00e9s (28%) se placent eux-m\u00eames parmi les \u00ab seniors \u00bb dans le cadre d\u2019une entreprise.<\/li>\n<\/ul>\n\n\n\n<ul class=\"wp-block-list\">\n<li>On peut donc se sentir jeune dans un certain contexte, mais plus \u00e2g\u00e9 dans un autre\u2026. Signe que la vieillesse n\u2019est pas qu\u2019une question d\u2019\u00e2ge. En effet, aux yeux des Fran\u00e7ais,<strong>\u00a0il s\u2019agit bien plus d\u2019une question d\u2019\u00e9tat d\u2019esprit<\/strong>\u00a0(85%)<strong>\u00a0ou d\u2019\u00e9tat de sant\u00e9<\/strong>\u00a0(81%) que d\u2019\u00e2ge chronologique (50%). Une vision des choses particuli\u00e8rement partag\u00e9e par les Fran\u00e7ais eux-m\u00eames plus \u00e2g\u00e9s : ainsi, chez les 65 ans et plus, 91% associent la vieillesse \u00e0 un \u00e9tat d\u2019esprit, 85% \u00e0 un \u00e9tat de sant\u00e9, et seulement 34% \u00e0 l\u2019\u00e2ge chronologique. Les plus jeunes, eux, accordent nettement plus d\u2019importance \u00e0 l\u2019\u00e2ge (73% chez les 18-24 ans).<\/li>\n<\/ul>\n\n\n\n<p><strong>L\u2019\u00e2ge m\u00fbr, synonyme de bonheur ?<\/strong><\/p>\n\n\n\n<ul class=\"wp-block-list\">\n<li>Si les Fran\u00e7ais rechignent \u00e0 donner un \u00e2ge \u00e0 la vieillesse, ils associent en revanche certaines caract\u00e9ristiques \u00e0 cette p\u00e9riode de la vie, et expriment une image de la maturit\u00e9 qui s\u2019av\u00e8re tr\u00e8s optimiste. En effet, pour eux, \u00eatre \u00ab vieux \u00bb, c\u2019est avant tout\u00a0<strong>pouvoir transmettre aux autres son exp\u00e9rience de la vie<\/strong>\u00a0(88%),\u00a0<strong>avoir plus de recul sur les choses<\/strong>\u00a0(85%), et\u00a0<strong>avoir plus de temps<\/strong>\u00a0pour soi (83%) et pour ses proches (81%). Des traits d\u2019image qui, dans l\u2019esprit des Fran\u00e7ais, viennent m\u00eame avant les aspects physiques du vieillissement (se sentir diminu\u00e9 physiquement ou avoir des rides, des cheveux blancs). Si certains aspects plus n\u00e9gatifs sont \u00e9galement majoritairement associ\u00e9s \u00e0 la vieillesse (c\u2019est consid\u00e9rer que les choses \u00e9taient mieux avant (71%), ne plus comprendre les jeunes (62%), ou encore avoir une vie sociale moins remplie (51%)), les Fran\u00e7ais refusent d\u2019associer \u00e2ge et d\u00e9connexion de la soci\u00e9t\u00e9. Seule une minorit\u00e9 de Fran\u00e7ais (environ 4 sur 10) estiment que la vieillesse conduit \u00e0 un d\u00e9sengagement des questions de soci\u00e9t\u00e9 (int\u00e9r\u00eat pour l\u2019actualit\u00e9, souci pour le climat) \u2013 une perception qui est un peu diff\u00e9rente chez les plus jeunes, davantage critiques.<\/li>\n<\/ul>\n\n\n\n<ul class=\"wp-block-list\">\n<li>Ainsi, malgr\u00e9 quelques ombres au tableau, les Fran\u00e7ais t\u00e9moignent \u00e0 premi\u00e8re vue d\u2019une image relativement heureuse de la vieillesse. Par ailleurs, ils indiquent\u00a0<strong>appr\u00e9cier la compagnie de leurs a\u00een\u00e9s<\/strong>, en particulier, lorsqu\u2019ils font partie de leur famille : 90% d\u00e9clarent appr\u00e9cier de passer du temps avec des personnes consid\u00e9r\u00e9es comme \u00ab \u00e2g\u00e9es \u00bb de leur famille, et pr\u00e8s d\u20191 personne sur 2 indique passer du temps avec ces derni\u00e8res au moins une fois par semaine. Et m\u00eame lorsqu\u2019elles n\u2019appartiennent pas directement \u00e0 leur famille, une nette majorit\u00e9 de Fran\u00e7ais (84%) indique appr\u00e9cier la compagnie de personnes \u00e2g\u00e9es.<\/li>\n<\/ul>\n\n\n\n<p><strong>Se sentir vieillir : des sentiments ambivalents<\/strong><\/p>\n\n\n\n<ul class=\"wp-block-list\">\n<li>T\u00e9moignant d\u2019une image positive de l\u2019\u00e2ge m\u00fbr, les Fran\u00e7ais se montrent<strong>\u00a0relativement sereins face \u00e0 la perspective de leur propre vieillissement<\/strong>. 71% d\u2019entre eux affirment \u00eatre sereins (mais seulement 16% s\u2019estiment tr\u00e8s sereins) quand 29% avouent se sentir anxieux. Aussi, ces sentiments<strong>\u00a0ne diff\u00e8rent que peu selon l\u2019\u00e2ge des interrog\u00e9s<\/strong>\u00a0: qu\u2019on ait moins de 25 ans ou plus de 65 ans, on se sent plus souvent serein qu\u2019anxieux \u00e0 l\u2019id\u00e9e de vieillir (respectivement, 68% et 74%). En revanche, hommes et femmes ne manifestent pas le m\u00eame regard sur leur propre vieillissement : si 80% des hommes se disent sereins, seules 63% des femmes en disent de m\u00eame. Aussi, on note que les parents se montrent moins anxieux que ceux qui n\u2019ont pas d\u2019enfants.<\/li>\n<\/ul>\n\n\n\n<ul class=\"wp-block-list\">\n<li>Cette s\u00e9r\u00e9nit\u00e9 est d\u2019autant plus compr\u00e9hensible lorsqu\u2019on observe dans le d\u00e9tail les sentiments que les Fran\u00e7ais associent \u00e0 diff\u00e9rentes \u00e9tapes de vie qui ont pu marquer leur avanc\u00e9e en \u00e2ge. Certaines sont tr\u00e8s nettement bien v\u00e9cues : l\u2019acc\u00e8s \u00e0 la propri\u00e9t\u00e9, l\u2019installation en couple, le fait d\u2019avoir des enfants, des petits-enfants, le fait de d\u00e9velopper un go\u00fbt pour une nouvelle activit\u00e9 auparavant peu appr\u00e9ci\u00e9e, etc. Pour tous ceux qui les ont exp\u00e9riment\u00e9es, ces \u00e9tapes repr\u00e9sentent des aspects heureux dans le fait de prendre de l\u2019\u00e2ge. Seulement, d\u2019autres sont moins bien accueillies, refl\u00e9tant les ambigu\u00eft\u00e9s d\u2019une s\u00e9r\u00e9nit\u00e9 face \u00e0 l\u2019avanc\u00e9e en \u00e2ge qui reste relative. Si l\u2019apparition de signes ext\u00e9rieurs de l\u2019\u00e2ge, le fait de ne plus comprendre certains mots ou expressions utilis\u00e9s par les plus jeunes sont des marqueurs d\u2019\u00e2ge que les Fran\u00e7ais acceptent encore bien, ils vivent beaucoup plus mal de voir appara\u00eetre des\u00a0<strong>douleurs<\/strong>\u00a0li\u00e9es \u00e0 l\u2019\u00e2ge ou de premiers\u00a0<strong>troubles cognitifs<\/strong>\u00a0comme des trous de m\u00e9moire ou une difficult\u00e9 \u00e0 trouver ses mots.<\/li>\n<\/ul>\n\n\n\n<ul class=\"wp-block-list\">\n<li>L\u2019avanc\u00e9e en \u00e2ge n\u2019est donc pas exempte de difficult\u00e9s et de craintes qui continuent \u00e0 habiter les Fran\u00e7ais. Quels sont ainsi les aspects les plus redout\u00e9s par l\u2019avanc\u00e9e de l\u2019\u00e2ge ? En premier lieu,\u00a0<strong>la diminution de leurs capacit\u00e9s physiques<\/strong>\u00a0(d\u00e9placements, motricit\u00e9),\u00a0<strong>sensorielles<\/strong>\u00a0(ou\u00efe, vue, etc.), et\u00a0<strong>mentales<\/strong>\u00a0(m\u00e9moire, etc.),\u00a0<strong>avec le risque de d\u00e9pendance que cela entra\u00eene<\/strong>. Ainsi, 42% des Fran\u00e7ais indiquent surtout redouter le risque de devenir d\u00e9pendant, une crainte plus forte encore chez les 65 ans et plus (58%). Cette perspective inqui\u00e8te nettement davantage que le risque d\u2019isolement (15%) ou les changements dans l\u2019apparence physique (14%). Si l\u2019on craint de devenir une charge pour ses proches (29%), on craint moins souvent de devenir une charge pour la soci\u00e9t\u00e9 dans sa globalit\u00e9 (via le financement de la retraite, via les d\u00e9penses de sant\u00e9, etc., 9%).<\/li>\n<\/ul>\n\n\n\n<p><strong>Le vieillissement de la soci\u00e9t\u00e9, entre d\u00e9fi et opportunit\u00e9<\/strong><\/p>\n\n\n\n<ul class=\"wp-block-list\">\n<li>Les Fran\u00e7ais attachent de l\u2019importance au sort de leurs a\u00een\u00e9s. Aussi, ils portent un jugement assez d\u00e9favorable sur la place qu\u2019on r\u00e9serve aux seniors dans la soci\u00e9t\u00e9 actuelle. En effet, m\u00eame apr\u00e8s la crise du Covid-19,\u00a0<strong>2\/3 des Fran\u00e7ais<\/strong>\u00a0(66%)\u00a0<strong>consid\u00e8rent qu\u2019on ne se pr\u00e9occupe pas assez de la sant\u00e9 des seniors en g\u00e9n\u00e9ral<\/strong>. Et les autres aspects de la vie des seniors semblent encore davantage laiss\u00e9s pour compte aux yeux des Fran\u00e7ais. En effet, 68% d\u2019entre eux regrettent qu\u2019on ne se pr\u00e9occupe pas assez de l\u2019opinion des seniors, 71% de leur sant\u00e9 mentale et\u00a0<strong>75% de leur situation financi\u00e8re<\/strong>. Comme on l\u2019a vu, peu de Fran\u00e7ais associent la vieillesse avec le fait d\u2019avoir davantage d\u2019argent, ou de pouvoir aider financi\u00e8rement ses proches. Au contraire, la vieillesse leur appara\u00eet plut\u00f4t comme une p\u00e9riode pr\u00e9occupante du point de vue financier, ce que confirment les seniors eux-m\u00eames. Aussi, par rapport aux Fran\u00e7ais plus jeunes, les 65 ans et plus trouvent surtout qu\u2019on ne se pr\u00e9occupe pas assez de leur situation financi\u00e8re (82%) et de leur opinion (81%) \u2013 une opinion partag\u00e9e, certes mais de mani\u00e8re beaucoup moins intense au sein des g\u00e9n\u00e9rations plus jeunes.<\/li>\n<\/ul>\n\n\n\n<ul class=\"wp-block-list\">\n<li>Le vieillissement de la population \u00e0 venir est vu \u00e0 la fois comme un d\u00e9fi \u2013 celui de\u00a0<strong>repenser le mod\u00e8le social, l\u2019h\u00e9ritage<\/strong>, etc. \u2013 et comme une opportunit\u00e9 \u2013 celle\u00a0<strong>d\u2019enrichir la soci\u00e9t\u00e9<\/strong>\u00a0par les liens et la transmission entre les g\u00e9n\u00e9rations. Mais aujourd\u2019hui, les Fran\u00e7ais sont mitig\u00e9s quant \u00e0 la pr\u00e9paration de la soci\u00e9t\u00e9 face \u00e0 cette \u00e9volution d\u00e9mographique :<strong>\u00a0seuls 46% jugent que celle-ci est bien anticip\u00e9e<\/strong>\u00a0(38% seulement chez les 65 ans et plus qui sonnent particuli\u00e8rement l\u2019alerte). Si les Fran\u00e7ais se montrent largement attach\u00e9s aux institutions actuelles permettant de prendre en charge la vieillesse, ils jugent souvent que celles-ci sont insuffisamment pr\u00e9par\u00e9es au vieillissement de la population \u00e0 venir. En effet,\u00a0<strong>92% indiquent \u00eatre attach\u00e9s \u00e0 la pr\u00e9sence d\u2019une protection sociale<\/strong>, et\u00a0<strong>90% \u00e0 la pr\u00e9sence d\u2019h\u00f4pitaux publics et gratuits<\/strong>\u00a0en France. M\u00eame le syst\u00e8me de retraites par r\u00e9partition est largement pl\u00e9biscit\u00e9 (80%). Mais concernant chacune de ces trois institutions,\u00a0<strong>\u00e0 peine une moiti\u00e9 de Fran\u00e7ais jugent qu\u2019elle est aujourd\u2019hui bien pr\u00e9par\u00e9e<\/strong>\u00a0au vieillissement de la population (respectivement, 55%, 45% et 44%).<\/li>\n<\/ul>\n\n\n\n<p>T\u00e9l\u00e9charger le\u00a0<a href=\"https:\/\/tolunacorporate.com\/wp-content\/uploads\/2025\/05\/Rapport-Harris-Vieillir-Cetelem-V2-1.pdf\" target=\"_blank\" rel=\"noreferrer noopener\">rapport complet<\/a><\/p>\n\n\n\n<p><\/p>\n","protected":false},"excerpt":{"rendered":"<p>Enqu\u00eate r\u00e9alis\u00e9e en ligne les 17 et 18 octobre 2022. \u00c9chantillon de<\/p>\n","protected":false},"author":59,"featured_media":20028,"comment_status":"closed","ping_status":"closed","sticky":false,"template":"","format":"standard","meta":{"_acf_changed":false,"_toluna_hide_sidebar":false,"footnotes":""},"categories":[254],"tags":[101],"class_list":["post-20027","post","type-post","status-publish","format-standard","has-post-thumbnail","hentry","category-france-fr-2","tag-poll-2","entry"],"acf":[],"_links":{"self":[{"href":"https:\/\/tolunacorporate.com\/fr\/wp-json\/wp\/v2\/posts\/20027","targetHints":{"allow":["GET"]}}],"collection":[{"href":"https:\/\/tolunacorporate.com\/fr\/wp-json\/wp\/v2\/posts"}],"about":[{"href":"https:\/\/tolunacorporate.com\/fr\/wp-json\/wp\/v2\/types\/post"}],"author":[{"embeddable":true,"href":"https:\/\/tolunacorporate.com\/fr\/wp-json\/wp\/v2\/users\/59"}],"replies":[{"embeddable":true,"href":"https:\/\/tolunacorporate.com\/fr\/wp-json\/wp\/v2\/comments?post=20027"}],"version-history":[{"count":0,"href":"https:\/\/tolunacorporate.com\/fr\/wp-json\/wp\/v2\/posts\/20027\/revisions"}],"wp:featuredmedia":[{"embeddable":true,"href":"https:\/\/tolunacorporate.com\/fr\/wp-json\/wp\/v2\/media\/20028"}],"wp:attachment":[{"href":"https:\/\/tolunacorporate.com\/fr\/wp-json\/wp\/v2\/media?parent=20027"}],"wp:term":[{"taxonomy":"category","embeddable":true,"href":"https:\/\/tolunacorporate.com\/fr\/wp-json\/wp\/v2\/categories?post=20027"},{"taxonomy":"post_tag","embeddable":true,"href":"https:\/\/tolunacorporate.com\/fr\/wp-json\/wp\/v2\/tags?post=20027"}],"curies":[{"name":"wp","href":"https:\/\/api.w.org\/{rel}","templated":true}]}}