
{"id":20187,"date":"2022-10-18T10:44:22","date_gmt":"2022-10-18T08:44:22","guid":{"rendered":"https:\/\/tolunacorporate.com\/?p=20187"},"modified":"2025-05-20T10:47:15","modified_gmt":"2025-05-20T08:47:15","slug":"quelle-consommation-des-europeens-pour-la-fin-dannee","status":"publish","type":"post","link":"https:\/\/tolunacorporate.com\/fr\/quelle-consommation-des-europeens-pour-la-fin-dannee\/","title":{"rendered":"Quelle consommation des Europ\u00e9ens pour la fin d\u2019ann\u00e9e ?"},"content":{"rendered":"\n<h5 class=\"wp-block-heading\">Enqu\u00eate Harris Interactive pour Oney, r\u00e9alis\u00e9e en ligne, du 6 au 9 septembre 2022, aupr\u00e8s d\u2019un \u00e9chantillon de 1 051 personnes, repr\u00e9sentatif de la population fran\u00e7aise \u00e2g\u00e9e de 18 ans et plus ; et du 9 au 14 septembre 2022, aupr\u00e8s d\u2019un \u00e9chantillon de 1 045 personnes repr\u00e9sentatif de la population espagnole \u00e2g\u00e9e de 18 ans et plus, et d\u2019un \u00e9chantillon de 1 047 personnes repr\u00e9sentatif de la population portugaise \u00e2g\u00e9e de 18 ans et plus. M\u00e9thode des quotas et redressement appliqu\u00e9s aux variables suivantes : sexe, \u00e2ge, cat\u00e9gorie socioprofessionnelle et r\u00e9gion d\u2019habitation de l\u2019interview\u00e9(e).<\/h5>\n\n\n\n<p><strong>Paris, le 11 octobre,<\/strong><\/p>\n\n\n\n<p>Pour cette 3\u00e8me \u00e9tude de l\u2019ann\u00e9e, Harris Interactive a interrog\u00e9 pour Oney un \u00e9chantillon repr\u00e9sentatif des populations fran\u00e7aise, espagnole et portugaise concernant leurs intentions d\u2019achats envisag\u00e9es pour la fin d\u2019ann\u00e9e 2022.<\/p>\n\n\n\n<p>Quelles sont les intentions d\u2019achat envisag\u00e9es par les Europ\u00e9ens pour cette fin d\u2019ann\u00e9e 2022 ? Quelle est leur perception du cr\u00e9dit \u00e0 la consommation ? Pensent-ils utiliser le paiement en plusieurs fois ?<\/p>\n\n\n\n<p><strong>Que retenir de cette enqu\u00eate ?<\/strong><\/p>\n\n\n\n<p><strong>Un contexte inflationniste propice \u00e0 la r\u00e9duction des d\u00e9penses de la part des Europ\u00e9ens, particuli\u00e8rement prononc\u00e9e chez les Portugais<\/strong><\/p>\n\n\n\n<p>En cette fin d\u2019ann\u00e9e 2022 marqu\u00e9e par un contexte d\u2019inflation qui touche toute l\u2019Europe,&nbsp;<strong>on observe une forte volont\u00e9 des Europ\u00e9ens de limiter leurs d\u00e9penses, notamment sur les d\u00e9penses contraintes, dont les prix ont connu au cours des derniers mois une forte progression<\/strong>. A ce titre, 2 Europ\u00e9ens sur 3 d\u00e9clarent qu\u2019ils anticiperont de r\u00e9duire leurs d\u00e9penses li\u00e9es aux frais d\u2019\u00e9nergie. Les Fran\u00e7ais se sentent moins expos\u00e9s \u00e0 la hausse des prix de l\u2019\u00e9nergie que les autres : 53% d\u2019entre eux indiquent qu\u2019ils tenteront de diminuer leurs frais dans ce domaine d\u2019ici la fin de l\u2019ann\u00e9e, contre 64% des Espagnols et 73% des Portugais. Ainsi malgr\u00e9 la \u00ab d\u00e9rogation ib\u00e9rique \u00bb dont les deux pays ont b\u00e9n\u00e9fici\u00e9 de la part de l\u2019Union europ\u00e9enne, pour limiter le prix de l\u2019\u00e9lectricit\u00e9, leurs populations apparaissent comme sensibilis\u00e9s \u00e0 la limitation de leur consommation.<\/p>\n\n\n\n<p>Si certains postes de d\u00e9penses fixes (logement, frais de sant\u00e9, frais d\u2019assurance) font l\u2019objet de marge de man\u0153uvre r\u00e9duite,&nbsp;<strong>plus de la moiti\u00e9 des Europ\u00e9ens d\u00e9clarent qu\u2019ils chercheront \u00e0 r\u00e9duire certaines de leurs d\u00e9penses li\u00e9es aux plaisirs dans les prochains mois<\/strong>&nbsp;(v\u00eatements, d\u00e9coration, \u00e9quipements \u00e9lectroniques et \u00e9lectrom\u00e9nagers, sorties culturelles, voyage), l\u00e0 encore symptomatiques d\u2019un sentiment de limitation \u00e0 venir, particuli\u00e8rement important pour les Portugais. En effet, ces derniers&nbsp;<strong>envisagent davantage que leurs voisins europ\u00e9ens de r\u00e9duire leurs d\u00e9penses dans la plupart des domaines test\u00e9s.<\/strong><\/p>\n\n\n\n<p>Au carrefour des d\u00e9penses contraintes et des d\u00e9penses \u00ab plaisirs \u00bb,<strong>&nbsp;l\u2019alimentation<\/strong>. Si 43% d\u2019entre eux d\u00e9clarent qu\u2019ils chercheront \u00e0 diminuer leurs d\u00e9penses en la mati\u00e8re sur la fin de l\u2019ann\u00e9e, on observe en parall\u00e8le que 28% anticipent de d\u00e9penser plus que l\u2019ann\u00e9e derni\u00e8re, sensiblement plus prononc\u00e9 en Espagne (32%) et au Portugal (30%) qu\u2019en France (24%). Dans ce contexte de crise \u00e9nerg\u00e9tique et inflationniste,&nbsp;<strong>les Europ\u00e9ens, sans rogner de mani\u00e8re significative l\u2019ensemble de leurs d\u00e9penses, mettent en place des strat\u00e9gies de consommation, pour consommer autrement, \u00e9quilibrer leur budget<\/strong>&nbsp;dans un moment d\u2019augmentation des prix et de tension sur le pouvoir d\u2019achat. Outre l\u2019alimentation,&nbsp;<strong>plus de 2 Europ\u00e9ens sur 3 affirment avoir l\u2019intention d\u2019acheter au moins autant de produits que l\u2019an dernier en mati\u00e8re de bien-\u00eatre et d\u2019hygi\u00e8ne (71%) ou de sant\u00e9 (67%)<\/strong>, avec peu de distinction dans les usages anticip\u00e9s selon les diff\u00e9rents pays.<\/p>\n\n\n\n<p><strong>Exp\u00e9riment\u00e9 par une majorit\u00e9 d\u2019Europ\u00e9ens, le cr\u00e9dit \u00e0 la consommation reste envisag\u00e9 par 1 Europ\u00e9en sur 5 dans un avenir proche<\/strong><\/p>\n\n\n\n<p><strong>La moiti\u00e9 des Europ\u00e9ens indiquent avoir d\u00e9j\u00e0 souscrit un cr\u00e9dit \u00e0 la consommation (54%), dont un quart en ont souscrit plusieurs fois (26%)<\/strong>. Les Portugais indiquent avoir davantage recours au cr\u00e9dit \u00e0 la consommation que leurs voisins Europ\u00e9ens : deux tiers d\u2019entre eux d\u00e9clarent d\u00e9j\u00e0 y avoir souscrit contre la moiti\u00e9 pour les Fran\u00e7ais et les Espagnols.<\/p>\n\n\n\n<p>Peu importe le pays, le recours aux cr\u00e9dits \u00e0 la consommation se fait essentiellement pour des achats uniques, ponctuels (81%) et<strong>&nbsp;concerne avant tout des biens on\u00e9reux comme l\u2019achat d\u2019un v\u00e9hicule (44%), de mat\u00e9riel informatique (32%) ou de mobilier (23%)<\/strong>. Les pratiques des Espagnols se distinguent de celles de leurs voisins, ces premiers d\u00e9clarant sensiblement plus que les autres utiliser le cr\u00e9dit \u00e0 la consommation pour leurs achats du quotidien (24% contre 19% des Fran\u00e7ais et 16% des Portugais) et d\u00e9clarent l\u2019avoir utilis\u00e9 davantage pour des achats li\u00e9s \u00e0 leur sant\u00e9 (18%) et les d\u00e9penses de voyages ou de tourisme (21%).<\/p>\n\n\n\n<p>Alors que la moiti\u00e9 des Europ\u00e9ens affirment avoir d\u00e9j\u00e0 eu recours au cr\u00e9dit \u00e0 la consommation, cette solution apparait comme un moyen particuli\u00e8rement envisag\u00e9 dans les prochains mois : 1 Europ\u00e9en sur 5 affirme avoir l\u2019intention d\u2019y recourir dans les mois \u00e0 venir. Dans le d\u00e9tail,&nbsp;<strong>18% des Fran\u00e7ais d\u00e9clarent qu\u2019ils songent \u00e0 en contracter un, 24% des Espagnols et 23% des Portugais<\/strong>. A l\u2019inverse, les Europ\u00e9ens anticipent davantage de se tourner vers leurs \u00e9conomies personnelles (49%) et le paiement fractionn\u00e9 (39%) comme solution de paiement dans les mois \u00e0 venir.<\/p>\n\n\n\n<p>Pour les Europ\u00e9ens qui envisagent de souscrire un cr\u00e9dit \u00e0 la consommation,&nbsp;<strong>cela se fait surtout dans l\u2019optique de financer l\u2019achat d\u2019un v\u00e9hicule (35%), de mat\u00e9riel informatique (32%) ou de mobilier (25%)<\/strong>, soit les m\u00eames cat\u00e9gories de produits pour lesquelles les Europ\u00e9ens indiquaient avoir eu recours \u00e0 cette forme de financement par le pass\u00e9. Au-del\u00e0 de ces achats traditionnellement mentionn\u00e9s, l\u2019alimentation \u00e9merge \u00e0 un niveau non n\u00e9gligeable aupr\u00e8s des Espagnols (24%) et des Portugais (25%). Des proportions non n\u00e9gligeables de consommateurs d\u00e9clarant ainsi envisager d\u2019utiliser un cr\u00e9dit \u00e0 la consommation pour payer leur consommation alimentaire, confortant l\u2019id\u00e9e d\u2019une angoisse pour une partie de la population quant \u00e0 la possibilit\u00e9 de boucler leur fin de mois dans une avenir proche.<\/p>\n\n\n\n<p>A l\u2019inverse, les Europ\u00e9ens n\u2019envisageant pas d\u2019utiliser de cr\u00e9dit \u00e0 la consommation dans les prochains mois&nbsp;<strong>justifient souvent ce choix par un refus de principe du recours au cr\u00e9dit (37%), des taux d\u2019emprunt trop importants (35%) ainsi qu\u2019une peur du surendettement (30%) ou la nonn\u00e9cessit\u00e9 de faire un cr\u00e9dit (30%)<\/strong>. Plus particuli\u00e8rement, les Portugais&nbsp;<strong>se distinguent par une crainte plus prononc\u00e9e quant aux cons\u00e9quences n\u00e9gatives que peut amener son recours<\/strong>. Ainsi 36% des Portugais qui n\u2019envisagent pas de souscrire \u00e0 un cr\u00e9dit \u00e0 la consommation mettent en avant la peur du surendettement (36%), l\u2019augmentation des taux de cr\u00e9dit (28%) dans les prochains mois mais \u00e9galement de mani\u00e8re sensiblement plus importante que leurs voisins Fran\u00e7ais et Espagnols la peur de ne pas \u00eatre capable de rembourser en cas de perte de maladie et d\u2019emploi (17%).<\/p>\n\n\n\n<p><strong>Utilis\u00e9 par 1 Europ\u00e9en sur 3, le paiement fractionn\u00e9 constitue davantage un crit\u00e8re d\u00e9terminant dans les choix de consommation des Espagnols<\/strong><\/p>\n\n\n\n<p>Depuis le d\u00e9but de l\u2019ann\u00e9e 2022,&nbsp;<strong>un peu plus d\u2019un tiers des Europ\u00e9ens disent avoir exp\u00e9riment\u00e9 le paiement en plusieurs fois que ce soit en ligne ou en magasin<\/strong>&nbsp;sans distinction majeure entre les pays (31%) et pr\u00e8s de 4 Europ\u00e9ens sur 10 projettent de l\u2019utiliser d\u2019ici la fin de l\u2019ann\u00e9e (38%), toujours \u00e0 des niveaux similaires entre les pays.<\/p>\n\n\n\n<p><strong>Le paiement en plusieurs fois apparait en premier lieu li\u00e9 aux produits informatiques, high-tech et \u00e9lectrom\u00e9nager pour l\u2019ensemble des Europ\u00e9ens<\/strong>. En effet, 43% de ceux qui projettent d\u2019utiliser le paiement en plusieurs fois d\u00e9clarent avoir l\u2019intention d\u2019y avoir recours avant tout dans ce secteur, loin devant les meubles (26%) ou les voyages (21%). L\u2019intention des Espagnols d\u2019utiliser ce mode de paiement dans le domaine de l\u2019informatique s\u2019av\u00e8re en retrait (38%) par rapport aux Fran\u00e7ais (44%) et 4 aux Portugais (47%), alors que dans le m\u00eame temps, l\u2019utilisation du paiement fractionn\u00e9 pour des d\u00e9penses d\u2019alimentation, l\u00e0 encore, est envisag\u00e9e par 19% des Espagnols, 14% des Portugais et 10% des Fran\u00e7ais<\/p>\n\n\n\n<p>Ainsi ce mode de paiement apparait comme un crit\u00e8re principal dans le choix du lieu de consommation pour un tiers des Europ\u00e9ens :&nbsp;<strong>33% indiquent choisir en priorit\u00e9 les enseignes proposant ce type de financement, avec des niveaux sensiblement proches entre les trois pays<\/strong>. Relevons que la disponibilit\u00e9 de ce mode de paiement aupr\u00e8s d\u2019un commer\u00e7ant joue davantage dans les pratiques de consommation des Espagnols que pour l\u2019ensemble des Europ\u00e9ens : la moiti\u00e9 d\u2019entre eux pourraient \u00eatre amen\u00e9s \u00e0 ne pas effectuer leur achat imm\u00e9diatement dans l\u2019enseigne si celle-ci ne proposait pas le paiement fractionn\u00e9.<\/p>\n\n\n\n<p><\/p>\n","protected":false},"excerpt":{"rendered":"<p>Enqu\u00eate Harris Interactive pour Oney, r\u00e9alis\u00e9e en ligne, du 6 au 9<\/p>\n","protected":false},"author":59,"featured_media":20188,"comment_status":"closed","ping_status":"closed","sticky":false,"template":"","format":"standard","meta":{"_acf_changed":false,"_toluna_hide_sidebar":false,"footnotes":""},"categories":[254],"tags":[101],"class_list":["post-20187","post","type-post","status-publish","format-standard","has-post-thumbnail","hentry","category-france-fr-2","tag-poll-2","entry"],"acf":[],"_links":{"self":[{"href":"https:\/\/tolunacorporate.com\/fr\/wp-json\/wp\/v2\/posts\/20187","targetHints":{"allow":["GET"]}}],"collection":[{"href":"https:\/\/tolunacorporate.com\/fr\/wp-json\/wp\/v2\/posts"}],"about":[{"href":"https:\/\/tolunacorporate.com\/fr\/wp-json\/wp\/v2\/types\/post"}],"author":[{"embeddable":true,"href":"https:\/\/tolunacorporate.com\/fr\/wp-json\/wp\/v2\/users\/59"}],"replies":[{"embeddable":true,"href":"https:\/\/tolunacorporate.com\/fr\/wp-json\/wp\/v2\/comments?post=20187"}],"version-history":[{"count":0,"href":"https:\/\/tolunacorporate.com\/fr\/wp-json\/wp\/v2\/posts\/20187\/revisions"}],"wp:featuredmedia":[{"embeddable":true,"href":"https:\/\/tolunacorporate.com\/fr\/wp-json\/wp\/v2\/media\/20188"}],"wp:attachment":[{"href":"https:\/\/tolunacorporate.com\/fr\/wp-json\/wp\/v2\/media?parent=20187"}],"wp:term":[{"taxonomy":"category","embeddable":true,"href":"https:\/\/tolunacorporate.com\/fr\/wp-json\/wp\/v2\/categories?post=20187"},{"taxonomy":"post_tag","embeddable":true,"href":"https:\/\/tolunacorporate.com\/fr\/wp-json\/wp\/v2\/tags?post=20187"}],"curies":[{"name":"wp","href":"https:\/\/api.w.org\/{rel}","templated":true}]}}