
{"id":20348,"date":"2022-09-30T14:32:03","date_gmt":"2022-09-30T12:32:03","guid":{"rendered":"https:\/\/tolunacorporate.com\/?p=20348"},"modified":"2025-05-20T14:37:45","modified_gmt":"2025-05-20T12:37:45","slug":"barometre-de-confiance-politique-septembre-2022","status":"publish","type":"post","link":"https:\/\/tolunacorporate.com\/fr\/barometre-de-confiance-politique-septembre-2022\/","title":{"rendered":"Barom\u00e8tre de confiance politique \u2013 Septembre 2022"},"content":{"rendered":"\n<h5 class=\"wp-block-heading\">Enqu\u00eate r\u00e9alis\u00e9e par Harris Interactive en ligne du 27 au 29 septembre 2022. \u00c9chantillon de 1 043 personnes, repr\u00e9sentatif des Fran\u00e7ais \u00e2g\u00e9s de 18 ans et plus. M\u00e9thode des quotas et redressement appliqu\u00e9s aux variables suivantes : sexe, \u00e2ge, cat\u00e9gorie socioprofessionnelle et r\u00e9gion de l\u2019interview\u00e9(e).<\/h5>\n\n\n\n<p><strong>Paris, le 30 septembre,<\/strong><\/p>\n\n\n\n<p>Tous les mois, Harris Interactive \/ Euros Agency r\u00e9alisent en partenariat avec LCI un barom\u00e8tre de confiance politique.<\/p>\n\n\n\n<p><strong>Que retenir de cette \u00e9tude ?<\/strong><\/p>\n\n\n\n<p>\u2013 2 points de confiance \u00e0 l\u2019\u00e9gard tant d\u2019Emmanuel Macron (46%) que d\u2019Elisabeth Borne (45%). Telles sont les donn\u00e9es marquantes concernant l\u2019ex\u00e9cutif \u00e0 la veille de la rentr\u00e9e parlementaire. Celles-ci le sont d\u2019autant plus qu\u2019il n\u2019est nullement fait spontan\u00e9ment r\u00e9f\u00e9rence \u00e0 la r\u00e9forme des retraites que ce soit positivement ou n\u00e9gativement. Il s\u2019agit pourtant d\u2019une des seules propositions entendues de la part de nos concitoyens au cours de la derni\u00e8re \u00e9lection pr\u00e9sidentielle. Entendue mais peu soutenue. On remarque que \u00ab les retraites \u00bb ne faisaient pas partie des principales motivations de vote \u00e0 l\u2019\u00e9gard du candidat Emmanuel Macron alors m\u00eame qu\u2019elles \u00e9taient cit\u00e9es comme troisi\u00e8me motivation de vote des \u00e9lecteurs tant de Jean-Luc M\u00e9lenchon que de Marine Le Pen.<\/p>\n\n\n\n<figure class=\"wp-block-image size-large\"><img decoding=\"async\" width=\"1024\" height=\"576\" src=\"https:\/\/tolunacorporate.com\/wp-content\/uploads\/2025\/05\/Barometre-de-confiance-politique-sep-1024x576.jpg\" alt=\"\" class=\"wp-image-20349\" srcset=\"https:\/\/tolunacorporate.com\/wp-content\/uploads\/2025\/05\/Barometre-de-confiance-politique-sep-1024x576.jpg 1024w, https:\/\/tolunacorporate.com\/wp-content\/uploads\/2025\/05\/Barometre-de-confiance-politique-sep-300x169.jpg 300w, https:\/\/tolunacorporate.com\/wp-content\/uploads\/2025\/05\/Barometre-de-confiance-politique-sep-768x432.jpg 768w, https:\/\/tolunacorporate.com\/wp-content\/uploads\/2025\/05\/Barometre-de-confiance-politique-sep.jpg 1280w\" sizes=\"(max-width: 1024px) 100vw, 1024px\" \/><\/figure>\n\n\n\n<p>Aucun ministre ne dispose d\u2019une confiance sup\u00e9rieure \u00e0 celle de la t\u00eate de l\u2019ex\u00e9cutif. Ce sont Bruno Le Maire et Olivier V\u00e9ran qui sont en haut du classement. Tous deux progressent de respectivement 1 et 2 points. Il est \u00e0 noter que \u2013 rarement \u2013 les porte-parole se situent \u00e0 un tel niveau. Alors m\u00eame qu\u2019il est question du budget, le ministre de l\u2019\u00e9conomie comme du budget (Gabriel Attal, 34%, stable) sont mieux \u00ab not\u00e9s \u00bb que la plupart des autres ministres. Deux autres th\u00e8mes ont \u00e9t\u00e9 fortement relay\u00e9s dans les m\u00e9dias : l\u2019\u00e9cologie et la rentr\u00e9e. Sur ces deux points, les ministres en charge de ces dossiers connaissent une baisse : Agn\u00e8s Pannier-Runacher (23%, -1), Christophe B\u00e9chu (20%, -3) et Pap Ndiaye (25%, -2) souffrent d\u2019un regard plus critique qu\u2019en ao\u00fbt.<\/p>\n\n\n\n<p>Hors gouvernement, quelques personnalit\u00e9s ont \u00e9t\u00e9 expos\u00e9es. Jean-Luc M\u00e9lenchon (23%, -3), Adrien Quatennens (12%, -6), Julien Bayou (13%, -1) et Sandrine Rousseau (13%, -1) connaissent tous quatre une baisse. Contre-intuitivement, le repr\u00e9sentant de la France Insoumise progresse chez les sympathisants de sa formation politique (84%, +5), Sandrine Rousseau comme Julien Bayou \u00e9galement parmi les proches d\u2019EELV (respectivement 32%, +8 et 31%, +12). Seul Adrien Quatennens baisse chez les Insoumis (40%, -6).<\/p>\n\n\n\n<p>Notons, enfin, que Fran\u00e7ois Bayrou dans son plaidoyer pour une m\u00e9thode de r\u00e9forme des retraites emprunte de concertation progresse d\u2019un point (25%) mais surtout qu\u2019il b\u00e9n\u00e9ficie d\u2019un regard en \u00e9volutions positives de la part des proches du centre Gauche (38, +12 chez les sympathisants socialistes, 31%, +10 chez ceux d\u2019EELV) et \u00e9galement de ceux de la majorit\u00e9 pr\u00e9sidentielle (56%, +2). Au final, le dirigeant du Modem est la deuxi\u00e8me personnalit\u00e9 \u2013 derri\u00e8re Edouard Philippe \u2013 3 chez les sympathisants d\u2019Ensemble, septi\u00e8me du PS, huiti\u00e8me d\u2019EELV.<\/p>\n\n\n\n<p>Tout ceci s\u2019inscrit dans un contexte o\u00f9 moins de 40% des Fran\u00e7ais accordent leur confiance \u00e0 l\u2019ex\u00e9cutif pour faire de bonnes propositions concernant la r\u00e9forme des retraites et 46% regardent positivement ce qui est dit par les organisations syndicales. Si la hi\u00e9rarchie est nette, il est \u00e0 noter que jamais les dirigeants \u00e0 la t\u00eate de l\u2019Etat n\u2019ont b\u00e9n\u00e9fici\u00e9 d\u2019une telle confiance. Dans le cadre de la pr\u00e9c\u00e9dente p\u00e9riode de d\u00e9bats (fin 2019, d\u00e9but 2020) jamais ces derniers n\u2019avaient b\u00e9n\u00e9fici\u00e9 d\u2019opinions favorables d\u00e9passant les 35%.<\/p>\n\n\n\n<figure class=\"wp-block-image size-large\"><img decoding=\"async\" width=\"1024\" height=\"576\" src=\"https:\/\/tolunacorporate.com\/wp-content\/uploads\/2025\/05\/Barometre-de-confiance-politique-\u2013-Sep-1024x576.jpg\" alt=\"\" class=\"wp-image-20357\" srcset=\"https:\/\/tolunacorporate.com\/wp-content\/uploads\/2025\/05\/Barometre-de-confiance-politique-\u2013-Sep-1024x576.jpg 1024w, https:\/\/tolunacorporate.com\/wp-content\/uploads\/2025\/05\/Barometre-de-confiance-politique-\u2013-Sep-300x169.jpg 300w, https:\/\/tolunacorporate.com\/wp-content\/uploads\/2025\/05\/Barometre-de-confiance-politique-\u2013-Sep-768x432.jpg 768w, https:\/\/tolunacorporate.com\/wp-content\/uploads\/2025\/05\/Barometre-de-confiance-politique-\u2013-Sep.jpg 1280w\" sizes=\"(max-width: 1024px) 100vw, 1024px\" \/><\/figure>\n\n\n\n<p>De ce qu\u2019ils en savent 59% des Fran\u00e7ais sont favorables \u00e0 une r\u00e9forme des retraites et la m\u00eame proportion estiment qu\u2019elle est prioritaire. Ces donn\u00e9es sont \u00e0 regarder pas uniquement dans l\u2019absolu mais surtout en relatif : il s\u2019agit des projets jug\u00e9s les moins prioritaires et auxquels les Fran\u00e7ais sont le moins favorables. On le rep\u00e8re d\u2019autant mieux que 12% des Fran\u00e7ais citent spontan\u00e9ment \u00ab 65 ans \u00bb lorsqu\u2019ils sont invit\u00e9s \u00e0 dire \u00e0 quel \u00e2ge il leur semble opportun de fixer l\u2019\u00e2ge l\u00e9gal de d\u00e9part \u00e0 la retraite.<\/p>\n\n\n\n<figure class=\"wp-block-image size-large\"><img decoding=\"async\" width=\"1024\" height=\"576\" src=\"https:\/\/tolunacorporate.com\/wp-content\/uploads\/2025\/05\/Barometre-de-confiance-politique-\u2013-Septembre-1024x576.jpg\" alt=\"\" class=\"wp-image-20365\" srcset=\"https:\/\/tolunacorporate.com\/wp-content\/uploads\/2025\/05\/Barometre-de-confiance-politique-\u2013-Septembre-1024x576.jpg 1024w, https:\/\/tolunacorporate.com\/wp-content\/uploads\/2025\/05\/Barometre-de-confiance-politique-\u2013-Septembre-300x169.jpg 300w, https:\/\/tolunacorporate.com\/wp-content\/uploads\/2025\/05\/Barometre-de-confiance-politique-\u2013-Septembre-768x432.jpg 768w, https:\/\/tolunacorporate.com\/wp-content\/uploads\/2025\/05\/Barometre-de-confiance-politique-\u2013-Septembre.jpg 1280w\" sizes=\"(max-width: 1024px) 100vw, 1024px\" \/><\/figure>\n\n\n\n<p>On le sait certains dossiers sont \u00e9pidermiques d\u2019un point de vue d\u2019opinion. En l\u2019esp\u00e8ce les retraites constituent un sujet glissant. A l\u2019heure actuelle, les Fran\u00e7ais ont entendu parler de m\u00e9thode (71% sont critiques \u00e0 l\u2019\u00e9gard de l\u2019usage du 49.3) et d\u2019\u00e2ge de d\u00e9part. Pas (encore ?) de prise en compte des carri\u00e8res longues, de la p\u00e9nibilit\u00e9 ou encore d\u2019un niveau de pension inf\u00e9rieur \u00e0 1 100\u20ac pour les nouveaux retrait\u00e9s. Ind\u00e9niablement cette r\u00e9forme aura des incidences sur le jugement \u00e0 l\u2019\u00e9gard de l\u2019ensemble des protagonistes.<\/p>\n\n\n\n<p><\/p>\n","protected":false},"excerpt":{"rendered":"<p>Enqu\u00eate r\u00e9alis\u00e9e par Harris Interactive en ligne du 27 au 29 septembre<\/p>\n","protected":false},"author":59,"featured_media":20373,"comment_status":"closed","ping_status":"closed","sticky":false,"template":"","format":"standard","meta":{"_acf_changed":false,"_toluna_hide_sidebar":false,"footnotes":""},"categories":[254],"tags":[101],"class_list":["post-20348","post","type-post","status-publish","format-standard","has-post-thumbnail","hentry","category-france-fr-2","tag-poll-2","entry"],"acf":[],"_links":{"self":[{"href":"https:\/\/tolunacorporate.com\/fr\/wp-json\/wp\/v2\/posts\/20348","targetHints":{"allow":["GET"]}}],"collection":[{"href":"https:\/\/tolunacorporate.com\/fr\/wp-json\/wp\/v2\/posts"}],"about":[{"href":"https:\/\/tolunacorporate.com\/fr\/wp-json\/wp\/v2\/types\/post"}],"author":[{"embeddable":true,"href":"https:\/\/tolunacorporate.com\/fr\/wp-json\/wp\/v2\/users\/59"}],"replies":[{"embeddable":true,"href":"https:\/\/tolunacorporate.com\/fr\/wp-json\/wp\/v2\/comments?post=20348"}],"version-history":[{"count":0,"href":"https:\/\/tolunacorporate.com\/fr\/wp-json\/wp\/v2\/posts\/20348\/revisions"}],"wp:featuredmedia":[{"embeddable":true,"href":"https:\/\/tolunacorporate.com\/fr\/wp-json\/wp\/v2\/media\/20373"}],"wp:attachment":[{"href":"https:\/\/tolunacorporate.com\/fr\/wp-json\/wp\/v2\/media?parent=20348"}],"wp:term":[{"taxonomy":"category","embeddable":true,"href":"https:\/\/tolunacorporate.com\/fr\/wp-json\/wp\/v2\/categories?post=20348"},{"taxonomy":"post_tag","embeddable":true,"href":"https:\/\/tolunacorporate.com\/fr\/wp-json\/wp\/v2\/tags?post=20348"}],"curies":[{"name":"wp","href":"https:\/\/api.w.org\/{rel}","templated":true}]}}