
{"id":20448,"date":"2022-09-12T15:47:41","date_gmt":"2022-09-12T13:47:41","guid":{"rendered":"https:\/\/tolunacorporate.com\/?p=20448"},"modified":"2025-05-20T15:56:01","modified_gmt":"2025-05-20T13:56:01","slug":"les-francais-dans-leur-quartier","status":"publish","type":"post","link":"https:\/\/tolunacorporate.com\/fr\/les-francais-dans-leur-quartier\/","title":{"rendered":"Les Fran\u00e7ais dans leur quartier"},"content":{"rendered":"\n<p><strong><em>Enqu\u00eate r\u00e9alis\u00e9e par Harris Interactive en ligne du 31 ao\u00fbt au 1&nbsp;septembre 2022. \u00c9chantillon de 1&nbsp;005 personnes repr\u00e9sentatif de la population fran\u00e7aise \u00e2g\u00e9e de 18 ans et plus. M\u00e9thode des quotas et redressement appliqu\u00e9s aux variables suivantes : sexe, \u00e2ge, cat\u00e9gorie socioprofessionnelle et r\u00e9gion de l\u2019interview\u00e9(e).<\/em><\/strong><\/p>\n\n\n\n<p><strong>Paris, le 12 septembre,<\/strong><\/p>\n\n\n\n<p>L\u2019Agence Nationale pour la R\u00e9novation Urbaine (ANRU) finance et accompagne la transformation de quartiers de la Politique de la ville partout \u00e0 travers la France. \u00c0 sa demande, Harris Interactive a lanc\u00e9 en 2021 une enqu\u00eate barom\u00e9trique&nbsp;aupr\u00e8s de&nbsp;<strong>deux \u00e9chantillons compl\u00e9mentaires<\/strong>\u202f: un \u00e9chantillon repr\u00e9sentatif de&nbsp;<strong>l\u2019ensemble de la<\/strong>&nbsp;<strong>population vivant en France,&nbsp;<\/strong>et un \u00e9chantillon repr\u00e9sentatif des&nbsp;<strong>habitants des quartiers prioritaires<\/strong>&nbsp;de la Politique de la ville (QPV). Un an apr\u00e8s cette premi\u00e8re \u00e9dition, une nouvelle vague d\u2019enqu\u00eate a \u00e9t\u00e9 r\u00e9alis\u00e9e selon les m\u00eames modalit\u00e9s m\u00e9thodologiques.&nbsp;<\/p>\n\n\n\n<p>Entre temps, la guerre en Ukraine, la hausse des prix de l\u2019\u00e9nergie et l\u2019inflation g\u00e9n\u00e9ralis\u00e9e, les p\u00e9nuries, les&nbsp;\u00e9pisodes caniculaires\u2026 sont autant d\u2019\u00e9v\u00e9nements d\u2019actualit\u00e9&nbsp;qui sont loin d\u2019avoir laiss\u00e9 les Fran\u00e7ais indiff\u00e9rents. Aussi, ces \u00e9l\u00e9ments sont susceptibles d\u2019avoir influenc\u00e9 directement ou indirectement&nbsp;le regard des Fran\u00e7ais quant \u00e0 leur lieu de vie (commune, quartier, logement\u2026). Dans un tel contexte, la deuxi\u00e8me \u00e9dition du barom\u00e8tre permet opportun\u00e9ment de mesurer la perception du lieu de vie des Fran\u00e7ais en cette rentr\u00e9e 2022.&nbsp;<\/p>\n\n\n\n<p><a href=\"https:\/\/tolunacorporate.com\/wp-content\/uploads\/2025\/05\/Rapport-Harris-Les-Francais-et-la-vie-dans-les-quartiers-vague-2-VDEF.pdf\" target=\"_blank\" rel=\"noreferrer noopener\">T\u00e9l\u00e9charger le rapport<\/a><\/p>\n\n\n\n<p><strong>Que retenir de cette enqu\u00eate\u202f?&nbsp;<\/strong>&nbsp;<\/p>\n\n\n\n<p><strong><em>Une image du quartier globalement stable par rapport \u00e0 l\u2019an dernier<\/em><\/strong>&nbsp;<\/p>\n\n\n\n<p>Comme l\u2019an dernier, la grande majorit\u00e9 de la population vivant en France se montrent satisfaits de leur lieu de vie, tant \u00e0 l\u2019\u00e9chelle de leur commune qu\u2019\u00e0 celle de leur quartier (pr\u00e8s de 9 personnes sur 10). Comme l\u2019an dernier \u00e9galement, les habitants des Quartiers Prioritaires de la Ville (QPV) manifestent une satisfaction l\u00e9g\u00e8rement en retrait \u00e0 propos de leur commune (82%) et surtout \u00e0 propos de leur quartier (74%). Lorsqu\u2019ils comparent la situation de leur quartier \u00e0 celle des autres, les Fran\u00e7ais estiment que leur situation est meilleure (45%) plut\u00f4t que moins bonne (18%), quand 36% jugent la situation ni meilleure, ni moins bonne que la moyenne. En revanche, dans les QPV, davantage de personnes jugent la situation \u00ab\u202fmoins bonne que la moyenne\u202f\u00bb dans leur propre quartier (40%, contre 27% qui la trouvent meilleure). Un d\u00e9calage de perception qui s\u2019est accentu\u00e9 par rapport \u00e0 l\u2019an dernier (+4 points).&nbsp;<\/p>\n\n\n\n<p><strong><em>Un cadre de vie jug\u00e9 agr\u00e9able, mais dont l\u2019accessibilit\u00e9 pourrait \u00eatre am\u00e9lior\u00e9e<\/em><\/strong>&nbsp;<\/p>\n\n\n\n<p>Satisfaits de leur quartier \u00e0 pr\u00e8s de 90%, les Fran\u00e7ais jugent leur quartier agr\u00e9able \u00e0 vivre (85%), s\u00fbr (83%), calme (80%), pourvu d\u2019espaces verts (80%) et avec des espaces publics en bon \u00e9tat (80%). Des garants d\u2019une bonne qualit\u00e9 de vie. Cependant, les Fran\u00e7ais se montrent l\u00e9g\u00e8rement moins convaincus par l\u2019accessibilit\u00e9 de leur quartier ou son dynamisme \u00e9conomique. Ainsi, 72% d\u00e9clarent qu\u2019il est facile de se garer dans leur quartier, 70% qu\u2019il est bien adapt\u00e9 \u00e0 la pratique du v\u00e9lo et 65% qu\u2019il est facilement accessible en transports en commun\u202f: des r\u00e9ponses qui sont majoritaires mais loin d\u2019\u00eatre unanimes. Concernant le dynamisme \u00e9conomique, seuls 58% trouvent que leur quartier abrite de nombreux commerces et 43% qu\u2019il offre des opportunit\u00e9s d\u2019emploi. Ces perceptions varient nettement selon que l\u2019on vive dans un environnement urbain ou plut\u00f4t rural. Aussi, dans les QPV, les habitants retrouvent les b\u00e9n\u00e9fices caract\u00e9ristiques des environnements urbains\u202f: bonne accessibilit\u00e9 par les transports en commun, nombreux services accessibles, nombreux commerces, etc. En comparant les r\u00e9sultats de cette population \u00e0 ceux de l\u2019ensemble des Fran\u00e7ais on remarque que les habitants des QPV estiment bien plus leur quartier accessible aux transports en commun (80% contre 65%), avec de nombreux services accessibles (79% contre 72%) ainsi qu\u2019avec de nombreux commerces (67% contre 58%). On le voit la situation g\u00e9ographique objective des QPV n\u2019est pas m\u00e9sestim\u00e9e par ses habitants. M\u00eame le fait d\u2019\u00eatre dans un lieu pourvoyeur d\u2019emplois est un peu plus identifi\u00e9 dans les QPV.&nbsp;Il s\u2019agit probablement du fait d\u2019une part de politiques volontaristes exprim\u00e9es au niveau national et d\u2019autre part de la structure des habitants dont nombre d\u2019entre eux sont sensibles \u00e0 la baisse du ch\u00f4mage.&nbsp;<\/p>\n\n\n\n<p><strong><em>Des attentes fortes exprim\u00e9es dans les QPV<\/em><\/strong>&nbsp;<\/p>\n\n\n\n<p>On sait l\u2019int\u00e9r\u00eat accord\u00e9 en France \u00e0 l\u2019alimentation. D\u2019une mani\u00e8re g\u00e9n\u00e9rale, on affirme avoir acc\u00e8s pr\u00e8s de chez soi \u00e0 des produits alimentaires de qualit\u00e9, produits localement, issus de l\u2019agriculture biologique\u2026 Mais&nbsp;\u00e0 peine plus d\u2019un Fran\u00e7ais sur deux les qualifie de bon march\u00e9. Notons qu\u2019il s\u2019agit du seul aspect pour lequel les habitants des QPV donnent des r\u00e9ponses plus positives que les autres habitants (65% contre 56%). De m\u00eame, si les difficult\u00e9s d\u2019acc\u00e8s \u00e0 des professionnels de sant\u00e9 ont&nbsp;\u00e9t\u00e9 fortement m\u00e9diatis\u00e9es, observons que 61% des habitants des QPV indiquent avoir facilement acc\u00e8s pr\u00e8s de chez eux \u00e0 un m\u00e9decin sp\u00e9cialiste contre 53% des Fran\u00e7ais. Ces r\u00e9ponses s\u2019inscrivent dans un contexte o\u00f9, on le sait, les d\u00e9serts m\u00e9dicaux ne touchent pas que les zones ici mentionn\u00e9es.&nbsp;<\/p>\n\n\n\n<p>M\u00eame si la situation dans les quartiers des QPV est jug\u00e9e bonne par une majorit\u00e9 de ses habitants, observons qu\u2019il appara\u00eet important de d\u00e9velopper dans son quartier\u2026 toutes les \u00e9ventualit\u00e9s test\u00e9es dans ce questionnaire. Et le logement est la premi\u00e8re des priorit\u00e9s pour les habitants des QPV\u202f: 84% d\u2019entre eux parlent de travaux pour am\u00e9liorer les logements. Lorsque l\u2019on analyse les r\u00e9ponses de l\u2019ensemble des Fran\u00e7ais, nous voyons qu\u2019il s\u2019agit seulement de leur quatri\u00e8me priorit\u00e9 et que \u00ab\u202fseuls\u202f\u00bb 72% y font r\u00e9f\u00e9rence.&nbsp;<\/p>\n\n\n\n<p>Enfin, dans un contexte o\u00f9 de nombreuses informations ont \u00e9t\u00e9 \u00e9mises au cours de ces derniers mois, non seulement 72% des Fran\u00e7ais affirment avoir entendu parler des programmes de r\u00e9novation urbaine, pour aider la transformation des quartiers populaires mais \u00e9galement ce niveau de connaissance progresse de 3 points en un an. La logique est identique mais plus marqu\u00e9e chez les habitants des QPV\u202f: 73% en 2021, 82% cette ann\u00e9e. Il ne s\u2019agit donc pas de politiques per\u00e7ues comme n\u2019int\u00e9ressant pas les citoyens non directement destinataires de leurs effets.&nbsp;<\/p>\n\n\n\n<p><strong><em>Une p\u00e9riode Covid v\u00e9cue plus difficilement dans les QPV&nbsp;&nbsp;<\/em><\/strong>&nbsp;<\/p>\n\n\n\n<p>D\u2019une mani\u00e8re globale, les habitants des Quartiers Prioritaires de la Ville ont rencontr\u00e9 des difficult\u00e9s au cours du confinement. Et ce, plus que les autres Fran\u00e7ais. Un actif sur deux affirme que son employeur lui a impos\u00e9 de se rendre sur son lieu de travail, un tiers a souffert de solitude, quatre sur dix d\u00e9clarent qu\u2019ils ont \u00e9t\u00e9 soumis \u00e0 une surcharge de travail importante, un tiers \u00e0 une difficult\u00e9 \u00e0 trouver un m\u00e9decin disponible. L\u2019une des plus grandes difficult\u00e9s rencontr\u00e9es a \u00e9t\u00e9 de devoir t\u00e9l\u00e9travailler dans un environnement inadapt\u00e9 (37% contre 22% pour l\u2019ensemble des actifs). On le voit ici aussi, il est implicitement question de logement. En d\u00e9finitive, pr\u00e8s d\u2019un tiers des habitants des QPV jugent que la crise sanitaire a \u00e9t\u00e9 plus difficile&nbsp;\u00e0 vivre&nbsp;pour eux que pour la moyenne des Fran\u00e7ais. Pour autant, c\u2019est dans les QPV que l\u2019on affirme plus qu\u2019ailleurs que l\u2019on s\u2019est senti plus proches de nos voisins. Les conditions objectives ont rendu la situation plus difficile \u00e0 vivre. Mais l\u2019ambiance collective est apparue meilleure qu\u2019ailleurs.&nbsp;<\/p>\n\n\n\n<p><strong><em>L\u2019isolation thermique\u202f: un enjeu central<\/em><\/strong>&nbsp;<\/p>\n\n\n\n<p>Les habitants des QPV indiquent avoir cet \u00e9t\u00e9 plus souffert de la chaleur que les autres habitants (76% contre 70%), ont moins bien dormi et surtout ont rencontr\u00e9 de plus grandes difficult\u00e9s \u00e0 trouver un endroit pour b\u00e9n\u00e9ficier de fra\u00eecheur (62% contre 48%). Pour autant, comme nous avons pu le voir par ailleurs, le lien avec les voisins a&nbsp;\u00e9t\u00e9 plus marqu\u00e9 que pour les autres habitants.&nbsp;Ind\u00e9pendamment de la situation caniculaire, d\u2019une mani\u00e8re g\u00e9n\u00e9rale il fait trop chaud l\u2019\u00e9t\u00e9 dans 70% des foyers QPV (56% en France), trop froid l\u2019hiver (62% contre 35%), la promiscuit\u00e9 auditive se fait sentir (57% contre 35%), tandis que 39% des habitants des quartiers populaires indiquent qu\u2019ils ont souffert d\u2019humidit\u00e9 (22% des Fran\u00e7ais).&nbsp;<\/p>\n\n\n\n<p>L\u2019enjeu \u00e9nerg\u00e9tique rejaillit \u00e9galement lorsque l\u2019on demande aux citoyens la mani\u00e8re dont se structurent leurs d\u00e9penses. Derri\u00e8re l\u2019alimentation sont \u00e9voqu\u00e9es les d\u00e9penses d\u2019\u00e9nergie et de d\u00e9placements. Dans contexte, 72% des habitants des QPV (65% des Fran\u00e7ais) anticipent que la hausse des prix de l\u2019\u00e9nergie aura un impact important sur leur capacit\u00e9 \u00e0 chauffer leur logement d\u00e8s cet hiver et 64% sur leur capacit\u00e9 \u00e0 se d\u00e9placer (56% des Fran\u00e7ais).&nbsp;&nbsp;<\/p>\n\n\n\n<p>Ces inqui\u00e9tudes s\u2019inscrivent qui plus est dans un contexte o\u00f9 les Fran\u00e7ais, qu\u2019ils r\u00e9sident ou non dans un QPV, indiquent faire ou avoir fait des efforts\u202f: en limitant la consommation d\u2019eau chaude, baissant la temp\u00e9rature, limitant leurs d\u00e9placements, changer leurs heures de consommation d\u2019\u00e9lectricit\u00e9.&nbsp;&nbsp;&nbsp;&nbsp;&nbsp;<\/p>\n\n\n\n<p>En d\u00e9finitive, les habitants des QPV vivent des situations plus difficiles que l\u2019ensemble des citoyens et\u2026 ne se \u00ab\u202fplaignent\u202f\u00bb pas. Tout en \u00e9tant satisfaits de vivre dans leur commune et quartier, ils se sentent un peu moins en s\u00e9curit\u00e9 que l\u2019ensemble des Fran\u00e7ais, vivent moins dans le calme, \u00e9voluent dans un univers jug\u00e9 moins propre. Ces aspects sont minor\u00e9s par une vie associative vue comme riche et par une solidarit\u00e9 de voisinage. Le logement dans les QPV constitue un point de tension important,\u202f\u00e0 tel point qu\u2019il s\u2019agit de la&nbsp;premi\u00e8re priorit\u00e9 assign\u00e9e dans ces quartiers. Au vu des conditions v\u00e9cues (chaud l\u2019\u00e9t\u00e9, froid l\u2019hiver) et de ce \u00e0 quoi les habitants s\u2019attendent (augmentation du co\u00fbt de l\u2019\u00e9nergie) tout laisse pr\u00e9juger que ces attentes devraient perdurer \u00e0 l\u2019avenir.&nbsp;&nbsp;<\/p>\n\n\n\n<p><a href=\"https:\/\/tolunacorporate.com\/wp-content\/uploads\/2025\/05\/Rapport-Harris-Les-Francais-et-la-vie-dans-les-quartiers-vague-2-VDEF-1.pdf\" target=\"_blank\" rel=\"noreferrer noopener\">T\u00e9l\u00e9charger le rapport<\/a><\/p>\n","protected":false},"excerpt":{"rendered":"<p>Enqu\u00eate r\u00e9alis\u00e9e par Harris Interactive en ligne du 31 ao\u00fbt au 1&nbsp;septembre<\/p>\n","protected":false},"author":59,"featured_media":20449,"comment_status":"closed","ping_status":"closed","sticky":false,"template":"","format":"standard","meta":{"_acf_changed":false,"_toluna_hide_sidebar":false,"footnotes":""},"categories":[233,254],"tags":[101],"class_list":["post-20448","post","type-post","status-publish","format-standard","has-post-thumbnail","hentry","category-france-fr","category-france-fr-2","tag-poll-2","entry"],"acf":[],"_links":{"self":[{"href":"https:\/\/tolunacorporate.com\/fr\/wp-json\/wp\/v2\/posts\/20448","targetHints":{"allow":["GET"]}}],"collection":[{"href":"https:\/\/tolunacorporate.com\/fr\/wp-json\/wp\/v2\/posts"}],"about":[{"href":"https:\/\/tolunacorporate.com\/fr\/wp-json\/wp\/v2\/types\/post"}],"author":[{"embeddable":true,"href":"https:\/\/tolunacorporate.com\/fr\/wp-json\/wp\/v2\/users\/59"}],"replies":[{"embeddable":true,"href":"https:\/\/tolunacorporate.com\/fr\/wp-json\/wp\/v2\/comments?post=20448"}],"version-history":[{"count":0,"href":"https:\/\/tolunacorporate.com\/fr\/wp-json\/wp\/v2\/posts\/20448\/revisions"}],"wp:featuredmedia":[{"embeddable":true,"href":"https:\/\/tolunacorporate.com\/fr\/wp-json\/wp\/v2\/media\/20449"}],"wp:attachment":[{"href":"https:\/\/tolunacorporate.com\/fr\/wp-json\/wp\/v2\/media?parent=20448"}],"wp:term":[{"taxonomy":"category","embeddable":true,"href":"https:\/\/tolunacorporate.com\/fr\/wp-json\/wp\/v2\/categories?post=20448"},{"taxonomy":"post_tag","embeddable":true,"href":"https:\/\/tolunacorporate.com\/fr\/wp-json\/wp\/v2\/tags?post=20448"}],"curies":[{"name":"wp","href":"https:\/\/api.w.org\/{rel}","templated":true}]}}