
{"id":47810,"date":"2025-08-22T10:44:42","date_gmt":"2025-08-22T08:44:42","guid":{"rendered":"https:\/\/tolunacorporate.com\/?p=47810"},"modified":"2025-10-22T16:19:56","modified_gmt":"2025-10-22T14:19:56","slug":"les-francais-et-le-mouvement-du-10-septembre-2025","status":"publish","type":"post","link":"https:\/\/tolunacorporate.com\/fr\/les-francais-et-le-mouvement-du-10-septembre-2025\/","title":{"rendered":"Les Fran\u00e7ais et le mouvement du 10 septembre 2025"},"content":{"rendered":"\n<p><em>Enqu\u00eate r\u00e9alis\u00e9e en ligne du 20 au 21 ao\u00fbt 2025. \u00c9chantillon de <strong>1 214 <\/strong>personnes repr\u00e9sentatif de la population\u00a0 Fran\u00e7aise \u00e2g\u00e9 de 18 ans et plus. M\u00e9thode des quotas et redressement appliqu\u00e9s aux variables suivantes : sexe, \u00e2ge, cat\u00e9gorie socioprofessionnelle et r\u00e9gion de r\u00e9sidence.<\/em><\/p>\n\n\n\n<p><\/p>\n\n\n\n<p><strong>Paris, le 22 ao\u00fbt,<\/strong><\/p>\n\n\n\n<p>Toluna Harris Interactive s\u2019est associ\u00e9 avec RTL pour recueillir la perception des Fran\u00e7ais concernant le mouvement de protestation et de blocage annonc\u00e9 pour le 10 septembre.<\/p>\n\n\n\n<p><\/p>\n\n\n\n<p>Que retenir de cette enqu\u00eate ?<\/p>\n\n\n\n<ol start=\"1\" class=\"wp-block-list\">\n<li>Une <strong>forte baisse du soutien \u00e0 la r\u00e9duction du d\u00e9ficit public \u00e0 2,8% d\u2019ici 2029<\/strong> (59% de soutien contre 73% lors de la mesure enregistr\u00e9e le 15 juillet apr\u00e8s la conf\u00e9rence de presse du Premier ministre, et une <strong>baisse de l\u2019appr\u00e9ciation de toutes les mesures<\/strong>, notamment la suppression de deux jours f\u00e9ri\u00e9s,<\/li>\n\n\n\n<li>A l\u2019heure actuelle pr\u00e8s de 2 Fran\u00e7ais sur 3 indiquent soutenir ce mouvement. Un <strong>soutien<\/strong> caract\u00e9ris\u00e9 de la part des <strong>proches de la gauche (LFI, Ecologistes notamment) comme du RN<\/strong>,<\/li>\n\n\n\n<li>A ce titre il est int\u00e9ressant de noter que ce <strong>soutien est inf\u00e9rieur<\/strong> \u00e0 celui mesur\u00e9 avant le d\u00e9but de la mobilisation des <strong>Gilets jaunes<\/strong> (63% contre 72% le 14 novembre 2018), un niveau qui peut cependant \u00e9voluer d\u2019ici le 10 septembre,<\/li>\n\n\n\n<li>Les Fran\u00e7ais acceptent plus les <strong>mobilisations traditionnelles<\/strong> (70% sont favorables \u00e0 des manifestations) que les <strong>blocages<\/strong> (58% soutenant n\u00e9anmoins) voire les sanctions institutionnelles (68% favorables \u00e0 une <strong>censure<\/strong> \u00e0 l\u2019Assembl\u00e9e nationale),<\/li>\n\n\n\n<li>Enfin<strong> 4 Fran\u00e7ais sur 10 approuvent<\/strong> la position de La France Insoumise annon\u00e7ant soutenir et \u00eatre au service du mouvement du 10 septembre, tandis qu\u2019une m\u00eame proportion la <strong>d\u00e9sapprouve fortement<\/strong>. Seuls les sympathisants Insoumis jugent majoritairement positive cette prise de position (42% des proches du RN soutenant \u00e9galement cette position).<\/li>\n<\/ol>\n\n\n\n<p><\/p>\n\n\n\n<p>T\u00e9l\u00e9charger le <a href=\"https:\/\/tolunacorporate.com\/wp-content\/uploads\/2025\/08\/Rapport-Toluna-Les-Francais-et-le-mouvement-du-10-septembre-2025-RTL-Aout-2025.pdf\">rapport complet<\/a><\/p>\n\n\n\n<p><\/p>\n","protected":false},"excerpt":{"rendered":"<p>Enqu\u00eate r\u00e9alis\u00e9e en ligne du 20 au 21 ao\u00fbt 2025. \u00c9chantillon de<\/p>\n","protected":false},"author":47,"featured_media":50231,"comment_status":"closed","ping_status":"closed","sticky":false,"template":"","format":"standard","meta":{"_acf_changed":false,"_toluna_hide_sidebar":false,"footnotes":""},"categories":[233],"tags":[101],"class_list":["post-47810","post","type-post","status-publish","format-standard","has-post-thumbnail","hentry","category-france-fr","tag-poll-2","entry"],"acf":[],"_links":{"self":[{"href":"https:\/\/tolunacorporate.com\/fr\/wp-json\/wp\/v2\/posts\/47810","targetHints":{"allow":["GET"]}}],"collection":[{"href":"https:\/\/tolunacorporate.com\/fr\/wp-json\/wp\/v2\/posts"}],"about":[{"href":"https:\/\/tolunacorporate.com\/fr\/wp-json\/wp\/v2\/types\/post"}],"author":[{"embeddable":true,"href":"https:\/\/tolunacorporate.com\/fr\/wp-json\/wp\/v2\/users\/47"}],"replies":[{"embeddable":true,"href":"https:\/\/tolunacorporate.com\/fr\/wp-json\/wp\/v2\/comments?post=47810"}],"version-history":[{"count":0,"href":"https:\/\/tolunacorporate.com\/fr\/wp-json\/wp\/v2\/posts\/47810\/revisions"}],"wp:featuredmedia":[{"embeddable":true,"href":"https:\/\/tolunacorporate.com\/fr\/wp-json\/wp\/v2\/media\/50231"}],"wp:attachment":[{"href":"https:\/\/tolunacorporate.com\/fr\/wp-json\/wp\/v2\/media?parent=47810"}],"wp:term":[{"taxonomy":"category","embeddable":true,"href":"https:\/\/tolunacorporate.com\/fr\/wp-json\/wp\/v2\/categories?post=47810"},{"taxonomy":"post_tag","embeddable":true,"href":"https:\/\/tolunacorporate.com\/fr\/wp-json\/wp\/v2\/tags?post=47810"}],"curies":[{"name":"wp","href":"https:\/\/api.w.org\/{rel}","templated":true}]}}