
{"id":48268,"date":"2025-09-05T11:00:00","date_gmt":"2025-09-05T09:00:00","guid":{"rendered":"https:\/\/tolunacorporate.com\/?p=48268"},"modified":"2025-09-23T15:40:44","modified_gmt":"2025-09-23T13:40:44","slug":"les-francais-et-la-depression","status":"publish","type":"post","link":"https:\/\/tolunacorporate.com\/fr\/les-francais-et-la-depression\/","title":{"rendered":"Les Fran\u00e7ais et la d\u00e9pression"},"content":{"rendered":"\n<p>Enqu\u00eate r\u00e9alis\u00e9e en ligne du 8 au 11 ao\u00fbt 2025. \u00c9chantillon de&nbsp;1 022&nbsp;personnes repr\u00e9sentatif de la population&nbsp; fran\u00e7aise \u00e2g\u00e9e de 18 ans et plus. M\u00e9thode des quotas et redressement appliqu\u00e9s aux variables suivantes : sexe, \u00e2ge, cat\u00e9gorie socioprofessionnelle, r\u00e9gion et taille d\u2019agglom\u00e9ration de l\u2019interview\u00e9(e)<\/p>\n\n\n\n<p><strong>Paris, le 5 septembre,<\/strong><\/p>\n\n\n\n<p>Voici les principaux enseignements&nbsp;:<\/p>\n\n\n\n<p>D\u2019une mani\u00e8re g\u00e9n\u00e9rale, <strong>les Fran\u00e7ais estiment plut\u00f4t avoir le moral<\/strong> : pr\u00e8s des deux tiers d\u2019entre eux (63%) indiquent avoir un bon moral actuellement (note \u00e9gale ou sup\u00e9rieure \u00e0 7\/10). Et seulement 15% d\u00e9clare un mauvais moral (note \u00e9gale ou inf\u00e9rieure \u00e0 4\/10), une proportion cependant plus forte chez les 18-24 ans (26%).<\/p>\n\n\n\n<p>Malgr\u00e9 ce moral d\u00e9clar\u00e9 plut\u00f4t bon, <strong>pr\u00e8s de trois quarts des Fran\u00e7ais (73%) se disent r\u00e9guli\u00e8rement confront\u00e9s \u00e0 des situations pouvant \u00e9voquer des \u00e9tats d\u00e9pressifs<\/strong>, avec en premier lieu des probl\u00e8mes de sommeil (49%) ou une fatigue intense (49%). Ces signes touchent encore plus les jeunes, et <strong>en particulier les jeunes femmes<\/strong>. Par exemple, 65% des femmes de moins de 35 ans d\u00e9clarent avoir r\u00e9guli\u00e8rement une mauvaise perception d&rsquo;elles-m\u00eames.<\/p>\n\n\n\n<p>La grande majorit\u00e9 des Fran\u00e7ais (88%) estiment que la d\u00e9pression est <strong>une maladie \u00e0 part enti\u00e8re<\/strong>, et ont conscience de ses ressorts sur la vie des personnes qui en souffrent et sur leurs proches : 9 Fran\u00e7ais sur 10 estiment que <strong>la d\u00e9pression a un impact important sur la vie des personnes concern\u00e9es<\/strong> (90%), <strong>et sur celle de leurs proches<\/strong> (89%).<\/p>\n\n\n\n<p>La majorit\u00e9 consid\u00e8rent toutefois que celle-ci <strong>n\u2019est pas suffisamment prise au s\u00e9rieux<\/strong> (58%), <strong>ni assez accompagn\u00e9e <\/strong>en France (53%). Cela se traduit entre autres <strong>par un niveau d&rsquo;information tr\u00e8s relatif au sein de la population sur le sujet<\/strong> : 53% des Fran\u00e7ais se sentent bien inform\u00e9s sur la d\u00e9pression, dont seulement 9% se disant \u00ab\u00a0tr\u00e8s\u00a0\u00bb bien inform\u00e9s.<\/p>\n\n\n\n<p>Concernant les principales causes de la d\u00e9pression, les Fran\u00e7ais d\u00e9signent tout d&rsquo;abord <strong>l\u2019exp\u00e9rience de traumatismes<\/strong> (80%), <strong>le stress<\/strong> (72%) et <strong>l\u2019isolement social<\/strong> (71%), alors que <strong>seule une minorit\u00e9 identifie les facteurs h\u00e9r\u00e9ditaires<\/strong> (40%).<\/p>\n\n\n\n<p>Pour sortir de la d\u00e9pression, <strong>pr\u00e8s de trois quarts des Fran\u00e7ais (73%) estiment que la seule volont\u00e9 ne suffit pas, et qu&rsquo;il faut se faire aider<\/strong>. A ce titre, <strong>l\u2019entourage est identifi\u00e9 comme \u00e9tant l\u2019interlocuteur le plus utile (88%) devant les m\u00e9decins sp\u00e9cialis\u00e9s en sant\u00e9 mentale<\/strong>, notamment les psychologues (87%). D\u2019autant plus que l\u2019entourage est consid\u00e9r\u00e9 comme une solution particuli\u00e8rement efficace pour traiter la d\u00e9pression par le soutien qu\u2019il peut apporter (88%), au m\u00eame titre que <strong>l\u2019am\u00e9lioration de l\u2019hygi\u00e8ne de vie<\/strong> (90%), et devant les psychoth\u00e9rapies (82%).<\/p>\n\n\n\n<p>T\u00e9l\u00e9charger le\u00a0<a href=\"https:\/\/tolunacorporate.com\/wp-content\/uploads\/2025\/09\/Rapport-Toluna-Harris-Observatoire-de-la-sante-La-depression-Vague-24-PRO-BTP-RTL.pdf\">rapport complet<\/a>.<\/p>\n","protected":false},"excerpt":{"rendered":"<p>Enqu\u00eate r\u00e9alis\u00e9e en ligne du 8 au 11 ao\u00fbt 2025. \u00c9chantillon de&nbsp;1<\/p>\n","protected":false},"author":59,"featured_media":48837,"comment_status":"closed","ping_status":"closed","sticky":false,"template":"","format":"standard","meta":{"_acf_changed":false,"_toluna_hide_sidebar":false,"footnotes":""},"categories":[254],"tags":[101],"class_list":["post-48268","post","type-post","status-publish","format-standard","has-post-thumbnail","hentry","category-france-fr-2","tag-poll-2","entry"],"acf":[],"_links":{"self":[{"href":"https:\/\/tolunacorporate.com\/fr\/wp-json\/wp\/v2\/posts\/48268","targetHints":{"allow":["GET"]}}],"collection":[{"href":"https:\/\/tolunacorporate.com\/fr\/wp-json\/wp\/v2\/posts"}],"about":[{"href":"https:\/\/tolunacorporate.com\/fr\/wp-json\/wp\/v2\/types\/post"}],"author":[{"embeddable":true,"href":"https:\/\/tolunacorporate.com\/fr\/wp-json\/wp\/v2\/users\/59"}],"replies":[{"embeddable":true,"href":"https:\/\/tolunacorporate.com\/fr\/wp-json\/wp\/v2\/comments?post=48268"}],"version-history":[{"count":0,"href":"https:\/\/tolunacorporate.com\/fr\/wp-json\/wp\/v2\/posts\/48268\/revisions"}],"wp:featuredmedia":[{"embeddable":true,"href":"https:\/\/tolunacorporate.com\/fr\/wp-json\/wp\/v2\/media\/48837"}],"wp:attachment":[{"href":"https:\/\/tolunacorporate.com\/fr\/wp-json\/wp\/v2\/media?parent=48268"}],"wp:term":[{"taxonomy":"category","embeddable":true,"href":"https:\/\/tolunacorporate.com\/fr\/wp-json\/wp\/v2\/categories?post=48268"},{"taxonomy":"post_tag","embeddable":true,"href":"https:\/\/tolunacorporate.com\/fr\/wp-json\/wp\/v2\/tags?post=48268"}],"curies":[{"name":"wp","href":"https:\/\/api.w.org\/{rel}","templated":true}]}}