
{"id":51855,"date":"2025-12-18T13:11:07","date_gmt":"2025-12-18T12:11:07","guid":{"rendered":"https:\/\/tolunacorporate.com\/?p=51855"},"modified":"2025-12-18T13:11:09","modified_gmt":"2025-12-18T12:11:09","slug":"les-francais-et-le-defi-de-janvier","status":"publish","type":"post","link":"https:\/\/tolunacorporate.com\/fr\/les-francais-et-le-defi-de-janvier\/","title":{"rendered":"Les Fran\u00e7ais et le D\u00e9fi de janvier\u200b"},"content":{"rendered":"\n<p><em>\u00c9tude\u00a0Toluna\u00a0Harris Interactive pour\u00a0le D\u00e9fi de\u00a0janvier\u00a0r\u00e9alis\u00e9e en ligne du 10 au 12 d\u00e9cembre 2025.<\/em>\u00a0<em>\u00c9chantillon de 1 201 personnes repr\u00e9sentatif de la population fran\u00e7aise \u00e2g\u00e9e de 18 ans et plus.\u200b\u00a0M\u00e9thode des quotas et redressement appliqu\u00e9s aux variables suivantes : sexe, \u00e2ge, cat\u00e9gorie socioprofessionnelle, r\u00e9gion et taille d\u2019agglom\u00e9ration de l\u2019interview\u00e9(e).\u200b<\/em>\u00a0<\/p>\n\n\n\n<p><\/p>\n\n\n\n<p><strong>Paris, le 18 d\u00e9cembre,<\/strong><\/p>\n\n\n\n<p>\u200bEn janvier prochain\u00a0et pour la 7<sup>\u00e8me<\/sup>\u00a0ann\u00e9e cons\u00e9cutive,\u00a0le D\u00e9fi de janvier sera lanc\u00e9. Cette\u00a0campagne nationale de sant\u00e9 publique\u00a0proposera aux\u00a0Fran\u00e7ais\u00a0de\u00a0r\u00e9duire leur consommation d\u2019alcool\u00a0tout au long du\u00a0mois.\u00a0\u00a0<\/p>\n\n\n\n<p>\u200bEn amont, le collectif d\u2019associations qui porte ce d\u00e9fi a souhait\u00e9 comprendre\u00a0qui\u00a0\u00e9taient les Fran\u00e7ais qui souhaitaient y prendre part et quelles\u00a0\u00e9taient leurs motivations.\u200b\u00a0<\/p>\n\n\n\n<p>Pour r\u00e9pondre \u00e0 ces enjeux,\u00a0Toluna\u00a0Harris Interactive a interrog\u00e9\u00a0un \u00e9chantillon de\u00a01 201\u00a0personnes, repr\u00e9sentatif de la population fran\u00e7aise \u00e2g\u00e9e de 18 ans et plus.\u00a0\u00a0<\/p>\n\n\n\n<p><em>Le D\u00e9fi de janvier est une campagne organis\u00e9e par\u202f:\u00a0Addict\u2019AIDE, Association Addictions France,\u00a0Camerup, F\u00e9d\u00e9ration Fran\u00e7aise d\u2019Addictologie, France Assos Sant\u00e9, France Patients Experts Addictions, Ligue contre le cancer, RESPADD et Soci\u00e9t\u00e9 Fran\u00e7aise d\u2019Alcoologie et d\u2019Addictologie.<\/em>\u00a0<\/p>\n\n\n\n<p><\/p>\n\n\n\n<p><strong>Que retenir de cette enqu\u00eate ?<\/strong><\/p>\n\n\n\n<p><strong>Plus d\u2019un Fran\u00e7ais sur deux d\u00e9clare avoir entendu parler\u00a0du D\u00e9fi de janvier\u00a0(55%),\u00a0<\/strong>dont 37% affirment savoir pr\u00e9cis\u00e9ment de quoi il s\u2019agit.\u00a0<strong>Le\u00a0terme\u00a0anglais\u00a0\u00ab Dry\u00a0January\u00a0\u00bb, appara\u00eet quant \u00e0\u00a0lui\u00a0encore plus connu :\u00a0<\/strong>pr\u00e8s de deux tiers des Fran\u00e7ais en ont entendu parler (63%), et pr\u00e8s d\u2019un sur deux affirme savoir pr\u00e9cis\u00e9ment de quoi il s\u2019agit (48%).\u00a0<\/p>\n\n\n\n<p><strong>Parmi les\u00a0Fran\u00e7ais qui\u00a0consomment\u00a0d\u2019alcool, un sur deux indique envisager de participer \u00e0 ce d\u00e9fi (50%)\u00a0en janvier 2026.\u00a0<\/strong>Plus pr\u00e9cis\u00e9ment,\u00a031%\u00a0d\u00e9clarent\u00a0qu\u2019ils\u00a0envisagent\u00a0de ne pas boire du tout d\u2019alcool durant cette p\u00e9riode,\u00a0et 19%\u00a0pr\u00e9voient plut\u00f4t de r\u00e9duire significativement\u00a0leur\u00a0consommation habituelle tout en se laissant la possibilit\u00e9 de boire de mani\u00e8re occasionnelle.<strong>\u00a0L\u2019intention de participer\u00a0appara\u00eet nettement plus forte chez les moins de 35 ans, dont pr\u00e8s de trois quarts envisagent de se lancer dans ce d\u00e9fi (72%).<\/strong>\u00a0<\/p>\n\n\n\n<p>Les motivations \u00e0 participer \u00e0 ce d\u00e9fi sont multiples.<strong>\u00a0L\u2019am\u00e9lioration du bien-\u00eatre et de la sant\u00e9 constitue la premi\u00e8re raison avanc\u00e9e (56%), devant\u00a0la volont\u00e9 de faire une pause apr\u00e8s les f\u00eates (44%), le souhait de se lancer un d\u00e9fi personnel (38 %) et la recherche d\u2019\u00e9conomies financi\u00e8res (36 %). Pour une partie des plus jeunes, la dimension sociale est \u00e9galement\u00a0soulign\u00e9e\u00a0<\/strong>:\u00a026%\u00a0des moins de 35 ans envisageant de participer citent le fait de relever ce d\u00e9fi avec des amis, contre 18 % de l\u2019ensemble des personnes qui d\u00e9clarent vouloir prendre part \u00e0 ce d\u00e9fi.\u00a0<\/p>\n\n\n\n<p><\/p>\n\n\n\n<p>T\u00e9l\u00e9charger le <a href=\"https:\/\/tolunacorporate.com\/wp-content\/uploads\/2025\/12\/Rapport-Toluna-Les-Francais-et-le-defi-de-janvier-France-Assos-Sante-Decembre-2025-VF.pdf\">rapport complet<\/a><\/p>\n\n\n\n<p><\/p>\n","protected":false},"excerpt":{"rendered":"<p>\u00c9tude\u00a0Toluna\u00a0Harris Interactive pour\u00a0le D\u00e9fi de\u00a0janvier\u00a0r\u00e9alis\u00e9e en ligne du 10 au 12 d\u00e9cembre<\/p>\n","protected":false},"author":47,"featured_media":51865,"comment_status":"closed","ping_status":"closed","sticky":false,"template":"","format":"standard","meta":{"_acf_changed":false,"_toluna_hide_sidebar":false,"footnotes":""},"categories":[233],"tags":[101],"class_list":["post-51855","post","type-post","status-publish","format-standard","has-post-thumbnail","hentry","category-france-fr","tag-poll-2","entry"],"acf":[],"_links":{"self":[{"href":"https:\/\/tolunacorporate.com\/fr\/wp-json\/wp\/v2\/posts\/51855","targetHints":{"allow":["GET"]}}],"collection":[{"href":"https:\/\/tolunacorporate.com\/fr\/wp-json\/wp\/v2\/posts"}],"about":[{"href":"https:\/\/tolunacorporate.com\/fr\/wp-json\/wp\/v2\/types\/post"}],"author":[{"embeddable":true,"href":"https:\/\/tolunacorporate.com\/fr\/wp-json\/wp\/v2\/users\/47"}],"replies":[{"embeddable":true,"href":"https:\/\/tolunacorporate.com\/fr\/wp-json\/wp\/v2\/comments?post=51855"}],"version-history":[{"count":0,"href":"https:\/\/tolunacorporate.com\/fr\/wp-json\/wp\/v2\/posts\/51855\/revisions"}],"wp:featuredmedia":[{"embeddable":true,"href":"https:\/\/tolunacorporate.com\/fr\/wp-json\/wp\/v2\/media\/51865"}],"wp:attachment":[{"href":"https:\/\/tolunacorporate.com\/fr\/wp-json\/wp\/v2\/media?parent=51855"}],"wp:term":[{"taxonomy":"category","embeddable":true,"href":"https:\/\/tolunacorporate.com\/fr\/wp-json\/wp\/v2\/categories?post=51855"},{"taxonomy":"post_tag","embeddable":true,"href":"https:\/\/tolunacorporate.com\/fr\/wp-json\/wp\/v2\/tags?post=51855"}],"curies":[{"name":"wp","href":"https:\/\/api.w.org\/{rel}","templated":true}]}}