
{"id":51951,"date":"2025-12-26T18:00:00","date_gmt":"2025-12-26T17:00:00","guid":{"rendered":"https:\/\/tolunacorporate.com\/?p=51951"},"modified":"2025-12-26T16:59:20","modified_gmt":"2025-12-26T15:59:20","slug":"barometre-de-confiance-politique-decembre-2025","status":"publish","type":"post","link":"https:\/\/tolunacorporate.com\/fr\/barometre-de-confiance-politique-decembre-2025\/","title":{"rendered":"Barom\u00e8tre de confiance politique &#8211; D\u00e9cembre 2025"},"content":{"rendered":"\n<p><em>Enqu\u00eate r\u00e9alis\u00e9e par Toluna-Harris Interactive en ligne du 22&nbsp;au&nbsp;23&nbsp;d\u00e9cembre&nbsp;2025. \u00c9chantillon de 1&nbsp;099&nbsp;personnes, repr\u00e9sentatif des Fran\u00e7ais \u00e2g\u00e9s de 18 ans et plus. M\u00e9thode des quotas et redressement appliqu\u00e9s aux variables suivantes : sexe, \u00e2ge, cat\u00e9gorie socioprofessionnelle et r\u00e9gion de l\u2019interview\u00e9(e).<\/em>&nbsp;<\/p>\n\n\n\n<p><\/p>\n\n\n\n<p><strong>Paris, le 26 d\u00e9cembre,<\/strong><\/p>\n\n\n\n<p>Tous les mois, Toluna Harris Interactive r\u00e9alise en partenariat avec LCI un barom\u00e8tre de confiance politique.<\/p>\n\n\n\n<p>T\u00e9l\u00e9chargez le\u00a0<a href=\"https:\/\/tolunacorporate.com\/wp-content\/uploads\/2025\/12\/Barometre-de-confiance-dans-lexecutif-LCI-Decembre-2025.pdf\">rapport complet<\/a><\/p>\n\n\n\n<p>T\u00e9l\u00e9chargez la\u00a0<a href=\"https:\/\/tolunacorporate.com\/wp-content\/uploads\/2025\/12\/Note-danalyse-Toluna-Harris-Barometre-de-confiance-politique-Decembre-2025-LCI-1.pdf\">note d\u2019analyse de Jean-Daniel L\u00e9vy<\/a><\/p>\n\n\n\n<p><\/p>\n\n\n\n<p><strong>\u200bUne loi sp\u00e9ciale sans incidence positive sur l\u2019ex\u00e9cutif<\/strong>&nbsp;<\/p>\n\n\n\n<p>2025 se termine comme 2024. Quand bien m\u00eame cette ann\u00e9e le PLFSS a \u00e9t\u00e9 adopt\u00e9, la confiance dans l\u2019ex\u00e9cutif ne s\u2019en trouve pas retrouv\u00e9e. Sur le court terme,&nbsp;<strong>Emmanuel Macron baisse de quatre points pour retrouver le niveau le plus bas depuis 2017<\/strong>&nbsp;(25%), niveau qu\u2019il avait d\u00e9j\u00e0 atteint il y a de cela deux mois.&nbsp;<strong>Le Premier ministre quant \u00e0 lui se situe \u00e0 un niveau stable<\/strong>&nbsp;(34%, -1). La s\u00e9quence internationale s\u2019\u00e9tant quelque peu \u00e9loign\u00e9e, le pr\u00e9sident de la R\u00e9publique est plus jug\u00e9 au regard des enjeux nationaux qu\u2019en novembre dernier. En un an, le chef de l\u2019\u00c9tat a perdu 7 points de confiance et ce dans toutes les cat\u00e9gories de populations.&nbsp;<\/p>\n\n\n\n<p>De son c\u00f4t\u00e9, en comparant avec Michel Barnier,&nbsp;<strong>S\u00e9bastien&nbsp;Lecornu&nbsp;b\u00e9n\u00e9ficie d\u2019une confiance inf\u00e9rieure de deux points \u00e0 celle du Premier ministre de l\u2019\u00e9poque<\/strong>. Il fait toutefois mieux aupr\u00e8s des sympathisants de gauche (38%, +7\u202f; y compris au PS\u202f: 43%, +12) et encore plus \u00e0 droite (58%, +17 points chez les proches des LR), tandis que sa progression est davantage contenue chez les proches de la majorit\u00e9 pr\u00e9sidentielle (77%, +3). Se distinguent les proches du RN qui sont les plus critiques \u00e0 l\u2019\u00e9gard du Premier ministre (18%, mais moins que l\u2019an dernier, -5 points).&nbsp;<\/p>\n\n\n\n<p><strong>Cette baisse est \u00e9galement prononc\u00e9e pour les ministres d\u00e9j\u00e0 en responsabilit\u00e9 il y a de cela 12 mois<\/strong>. Elle l\u2019est encore plus pour Rachida Dati que concernant les autres membres du gouvernement (-9 points \u00e0 24%). On le voit, G\u00e9rald Darmanin \u2013 ministre b\u00e9n\u00e9ficiant de la plus grande confiance de la part des Fran\u00e7ais et se situant bien au-dessus des autres membres du gouvernement \u2013 n\u2019a que peu perdu de confiance en un an (38%, -3 points).&nbsp;&nbsp;<\/p>\n\n\n\n<p>De leur c\u00f4t\u00e9, en un an,&nbsp;<strong>Jordan&nbsp;Bardella&nbsp;et Marine Le Pen poursuivent leur progression, Bruno Retailleau subit son d\u00e9part du gouvernement et \u00c9douard Philippe ne parvient \u00e0 renouer un lien fort avec les Fran\u00e7ais<\/strong>. Si l\u2019on se focalise sur les 10 personnalit\u00e9s \u00ab\u202fen t\u00eate\u202f\u00bb observons qu\u2019en un an Jordan&nbsp;Bardella&nbsp;progresse de 3 points, Marine Le Pen et Nicolas Sarkozy d\u2019un, que Marion Mar\u00e9chal est stable et que tous les autres r\u00e9gressent dont, notamment, Bruno Retailleau (-12).&nbsp;&nbsp;<\/p>\n\n\n\n<p><strong>La s\u00e9v\u00e9rit\u00e9 des Fran\u00e7ais ne s\u2019est pas estomp\u00e9e. Celle-ci se traduit \u00e9galement indirectement lorsqu\u2019est \u00e9voqu\u00e9 un rendez-vous annuel pr\u00e9sent\u00e9 comme important\u202f: les v\u0153ux pr\u00e9sidentiels.<\/strong>&nbsp;Il y a 2 ans 43% des Fran\u00e7ais indiquaient avoir l\u2019intention de les suivre, les 40% de l\u2019an dernier se sont r\u00e9duit \u00e0 37% ce mois-ci. Hormis une majorit\u00e9 de sympathisants Ensemble, on ne retrouve dans aucune cat\u00e9gorie de population une majorit\u00e9 de Fran\u00e7ais indiquer qu\u2019ils regarderont ou \u00e9couteront le pr\u00e9sident de la R\u00e9publique le 31 d\u00e9cembre \u00e0 20h00.&nbsp;&nbsp;<\/p>\n\n\n\n<p>\u00ab\u202fParlez pour nous dire quelque chose\u202f\u00bb semblent dire les Fran\u00e7ais. Nous semblons \u00eatre dans une p\u00e9riode o\u00f9 il y a expression de la part de responsables politiques.&nbsp;Mais pas&nbsp;n\u00e9cessairement&nbsp;de&nbsp;r\u00e9ception.&nbsp;&nbsp;<\/p>\n\n\n\n<p>T\u00e9l\u00e9chargez aussi\u00a0notre <a href=\"https:\/\/tolunacorporate.com\/wp-content\/uploads\/2025\/12\/Rapport-Toluna-Harris-Interactive-Les-Francais-et-les-voeux-presidentiels-LCI-Decembre-2025.pdf\">question du mois<\/a>\u00a0: <strong>Les<\/strong> <strong>Fran\u00e7ais<\/strong> <strong>et<\/strong> <strong>les<\/strong> <strong>voeux<\/strong> <strong>pr\u00e9sidentiels<\/strong><\/p>\n\n\n\n<p><\/p>\n","protected":false},"excerpt":{"rendered":"<p>Enqu\u00eate r\u00e9alis\u00e9e par Toluna-Harris Interactive en ligne du 22&nbsp;au&nbsp;23&nbsp;d\u00e9cembre&nbsp;2025. \u00c9chantillon de 1&nbsp;099&nbsp;personnes,<\/p>\n","protected":false},"author":47,"featured_media":50231,"comment_status":"closed","ping_status":"closed","sticky":false,"template":"","format":"standard","meta":{"_acf_changed":false,"_toluna_hide_sidebar":false,"footnotes":""},"categories":[233],"tags":[101],"class_list":["post-51951","post","type-post","status-publish","format-standard","has-post-thumbnail","hentry","category-france-fr","tag-poll-2","entry"],"acf":[],"_links":{"self":[{"href":"https:\/\/tolunacorporate.com\/fr\/wp-json\/wp\/v2\/posts\/51951","targetHints":{"allow":["GET"]}}],"collection":[{"href":"https:\/\/tolunacorporate.com\/fr\/wp-json\/wp\/v2\/posts"}],"about":[{"href":"https:\/\/tolunacorporate.com\/fr\/wp-json\/wp\/v2\/types\/post"}],"author":[{"embeddable":true,"href":"https:\/\/tolunacorporate.com\/fr\/wp-json\/wp\/v2\/users\/47"}],"replies":[{"embeddable":true,"href":"https:\/\/tolunacorporate.com\/fr\/wp-json\/wp\/v2\/comments?post=51951"}],"version-history":[{"count":0,"href":"https:\/\/tolunacorporate.com\/fr\/wp-json\/wp\/v2\/posts\/51951\/revisions"}],"wp:featuredmedia":[{"embeddable":true,"href":"https:\/\/tolunacorporate.com\/fr\/wp-json\/wp\/v2\/media\/50231"}],"wp:attachment":[{"href":"https:\/\/tolunacorporate.com\/fr\/wp-json\/wp\/v2\/media?parent=51951"}],"wp:term":[{"taxonomy":"category","embeddable":true,"href":"https:\/\/tolunacorporate.com\/fr\/wp-json\/wp\/v2\/categories?post=51951"},{"taxonomy":"post_tag","embeddable":true,"href":"https:\/\/tolunacorporate.com\/fr\/wp-json\/wp\/v2\/tags?post=51951"}],"curies":[{"name":"wp","href":"https:\/\/api.w.org\/{rel}","templated":true}]}}