
{"id":55897,"date":"2026-03-27T18:20:00","date_gmt":"2026-03-27T17:20:00","guid":{"rendered":"https:\/\/tolunacorporate.com\/?p=55897"},"modified":"2026-03-27T18:17:58","modified_gmt":"2026-03-27T17:17:58","slug":"barometre-de-confiance-politique-mars-2026","status":"publish","type":"post","link":"https:\/\/tolunacorporate.com\/fr\/barometre-de-confiance-politique-mars-2026\/","title":{"rendered":"Barom\u00e8tre de confiance politique &#8211; Mars 2026"},"content":{"rendered":"\n<p><em>Enqu\u00eate r\u00e9alis\u00e9e par Toluna-Harris Interactive en ligne du 25 au 26 mars 2026. \u00c9chantillon de 1 065 personnes, repr\u00e9sentatif des Fran\u00e7ais \u00e2g\u00e9s de 18 ans et plus. M\u00e9thode des quotas et redressement appliqu\u00e9s aux variables suivantes : sexe, \u00e2ge, cat\u00e9gorie socioprofessionnelle et r\u00e9gion de l\u2019interview\u00e9(e).<\/em><\/p>\n\n\n\n<p><\/p>\n\n\n\n<p><strong>Paris, le 27 mars,<\/strong><\/p>\n\n\n\n<p>Tous les mois, Toluna Harris Interactive r\u00e9alise en partenariat avec LCI un barom\u00e8tre de confiance politique.<\/p>\n\n\n\n<p>T\u00e9l\u00e9chargez le\u00a0<a href=\"https:\/\/tolunacorporate.com\/wp-content\/uploads\/2026\/03\/Barometre-de-confiance-Toluna-Harris-interactive-LCI-Mars-2026-1.pdf\">rapport complet<\/a><\/p>\n\n\n\n<p>T\u00e9l\u00e9chargez la\u00a0<a href=\"https:\/\/tolunacorporate.com\/wp-content\/uploads\/2026\/03\/Note-danalyse-Toluna-Harris-Barometre-de-confiance-politique-Mars-2026-LCI.pdf\">note d\u2019analyse de Jean-Daniel L\u00e9vy<\/a><\/p>\n\n\n\n<p><\/p>\n\n\n\n<p><strong>Absence de choc municipal<\/strong><\/p>\n\n\n\n<p>Une question taraude, logiquement, les observateurs de la vie publique : quel sera l\u2019impact des \u00e9lections municipales sur l\u2019\u00e9lection pr\u00e9sidentielle voire les \u00e9lections l\u00e9gislatives ? Le barom\u00e8tre r\u00e9alis\u00e9 apr\u00e8s le second tour du scrutin permet d\u2019apporter quelques r\u00e9ponses si ce n\u2019est en termes de comportement \u00e9lectoral potentiel mais, d\u00e9j\u00e0, en mati\u00e8re de confiance \u00e0 l\u2019\u00e9gard des principaux responsables politiques.<strong><\/strong><\/p>\n\n\n\n<p>1.&nbsp;&nbsp;&nbsp;&nbsp;&nbsp;&nbsp;&nbsp;&nbsp; La t\u00eate de l\u2019ex\u00e9cutif pr\u00e9serv\u00e9 par les \u00e9lections municipales\u2026<\/p>\n\n\n\n<p>Pour la deuxi\u00e8me \u00e9lection municipale cons\u00e9cutive, l\u2019ex\u00e9cutif \u2013 ou ceux s\u2019y r\u00e9f\u00e9rant \u2013 ne disposait que de tr\u00e8s peu de maires sortants. Alors que, pour revenir quelques ann\u00e9es en arri\u00e8re, les maires de Droite en 2008 et de Gauche en 2014 avaient p\u00e2ti de la baisse de confiance dans les Pr\u00e9sidents de l\u2019\u00e9poque, une telle possibilit\u00e9 n\u2019\u00e9tait pas \u00ab offerte \u00bb aux Fran\u00e7ais.<\/p>\n\n\n\n<p>M\u00eame si la focale a ces derniers jours \u00e9t\u00e9 mise sur les \u00e9lections, lorsque nous interrogeons les Fran\u00e7ais sur l\u2019actualit\u00e9 r\u00e9cente, ceux-ci \u00e9voquent spontan\u00e9ment plus la guerre ainsi que la situation au Proche et Moyen-Orient que les \u00e9lections municipales.<\/p>\n\n\n\n<p>Tous ces \u00e9l\u00e9ments concourent \u00e0 une l\u00e9g\u00e8re croissance (37%, +2) de la confiance en S\u00e9bastien Lecornu et plus nette en Emmanuel Macron (32%, +4 ; +7 en trois mois). Rappelons qu\u2019au soir du deuxi\u00e8me tour des \u00e9lections municipales, 54% des Fran\u00e7ais souhaitaient que le Premier Ministre ne soit pas remplac\u00e9 et que le souhait d\u2019un remaniement minist\u00e9riel \u00e9tait limit\u00e9 (82% en 2014, 70% en 2020, 51% cette ann\u00e9e).<\/p>\n\n\n\n<p>2.&nbsp;&nbsp;&nbsp;&nbsp;&nbsp;&nbsp;&nbsp;&nbsp; \u2026 tout comme le gouvernement<\/p>\n\n\n\n<p>Du c\u00f4t\u00e9 du gouvernement, la tendance est \u00e0 la hausse, la majorit\u00e9 des ministres enregistrant une hausse de leur niveau de confiance. G\u00e9rald Darmanin reste le ministre enregistrant le plus haut niveau de confiance (38%, +3), devant Laurent Nunez (31%, +3), Catherine Vautrin (26%, +3) ou encore Jean-No\u00ebl Barrot (25%, +1). Les ministres r\u00e9galiens sont ainsi ceux g\u00e9n\u00e9rant le plus de confiance et dont les \u00e9volutions ne sont pas toujours index\u00e9es aux regards port\u00e9s sur le Premier Ministre.<\/p>\n\n\n\n<p>3.&nbsp;&nbsp;&nbsp;&nbsp;&nbsp;&nbsp;&nbsp;&nbsp; Un personnel politique suscitant plus de confiance qu\u2019il y a un mois, avec quelques singularit\u00e9s<\/p>\n\n\n\n<p>Jordan Bardella demeure toujours la personnalit\u00e9 politique recueillant le plus de confiance aupr\u00e8s des Fran\u00e7ais (41%, +3), devant Marine Le Pen (39%, +1). Le d\u00e9put\u00e9 europ\u00e9en recueille la confiance de 90% des sympathisants de sa famille politique, soit un niveau l\u00e9g\u00e8rement en hausse depuis le mois dernier (+2). Il reste ainsi la personnalit\u00e9 politique recueillant le plus de confiance aupr\u00e8s de cette cat\u00e9gorie de la population, d\u00e9sormais devant Marine Le Pen qui enregistre une l\u00e9g\u00e8re baisse (86%, -2).<\/p>\n\n\n\n<p>\u00c9douard Philippe b\u00e9n\u00e9ficie de la confiance de 34% des Fran\u00e7ais (+3). R\u00e9cemment r\u00e9\u00e9lu dans sa ville, le Maire du Havre b\u00e9n\u00e9ficie toujours de la confiance de la grande majorit\u00e9 des sympathisants Ensemble (81%, +9) et LR (56%, +12). Reste que cette progression de 3 points ne lui conf\u00e8re pas un statut singulier et ne semble pas constituer une dynamique particuli\u00e8re (comme nous l\u2019avons mesur\u00e9 au soir du premier tour dans le cadre de l\u2019intention de vote r\u00e9alis\u00e9e pour M6 et RTL).<\/p>\n\n\n\n<p>Gabriel Attal voit son niveau de confiance l\u00e9g\u00e8rement progresser (30%, +2). L\u2019ex-Premier ministre apparait comme la personnalit\u00e9 politique enregistrant le plus haut niveau de confiance aupr\u00e8s de sa famille politique (71%, +2) derri\u00e8re \u00c9douard Philippe (81%, +9). Nous surveillerons l\u2019\u00e9volution de la confiance dans ces deux personnalit\u00e9s au cours des prochains mois et ce d\u2019autant plus que le Maire du Havre progresse de 12 points chez les proches des LR (56%). Le graphique suivant montre les diff\u00e9rences de niveau de confiance entre ces deux anciens Premiers ministres.<\/p>\n\n\n\n<p>A droite, Bruno Retailleau apparait comme la personnalit\u00e9 jouissant du plus haut niveau de confiance aupr\u00e8s des Fran\u00e7ais (28%, -2). Il jouit \u00e9galement de la confiance de 65% des sympathisants de sa famille politique (-6), faisant de lui la personnalit\u00e9 recueillant le plus de confiance aupr\u00e8s des sympathisants LR. Il est notable que les LR et Divers Droite ont \u00e9t\u00e9 les \u00ab vainqueurs \u00bb de ces \u00e9lections et que, pour autant, leur Pr\u00e9sident n\u2019en tire par de b\u00e9n\u00e9fice d\u2019opinion d\u2019un point de vue global comme du point de vue des sympathisants R\u00e9publicains.<\/p>\n\n\n\n<p>A gauche, Rapha\u00ebl Glucksmann enregistre la confiance de 27% des Fran\u00e7ais, soit un niveau en hausse depuis le mois de f\u00e9vrier (+3). Il demeure la premi\u00e8re personnalit\u00e9 aupr\u00e8s des sympathisants socialistes (74%, +4), loin devant Fran\u00e7ois Hollande (58%, -4) qu\u2019il devance \u00e9galement aupr\u00e8s de l\u2019ensemble des Fran\u00e7ais (25%, -2).<\/p>\n\n\n\n<p>Enfin, Jean-Luc M\u00e9lenchon voit son niveau de confiance rester stable aupr\u00e8s des Fran\u00e7ais (16%, +1). Il reste la personnalit\u00e9 recueillant le plus de confiance au sein de sa famille politique (74%, +1 ; 15% au PS, -6).<\/p>\n\n\n\n<p>En ce moment de \u00ab&nbsp;rampe de lancement vers la pr\u00e9sidentielle&nbsp;\u00bb, 42% des Fran\u00e7ais accordent leur confiance au RN, 34% aux R\u00e9publicains et 32% \u00e0 Horizons. C&rsquo;est la France Insoumise qui b\u00e9n\u00e9ficie du plus faible niveau de confiance. Ce qui illustre bien la d\u00e9corr\u00e9lation qui peut \u00eatre effectu\u00e9e entre jugement et confiance \u00e0 l&rsquo;\u00e9gard d&rsquo;une formation politique d&rsquo;une part, jugement, confiance et intentions de vote en faveur des repr\u00e9sentants politiques de l&rsquo;autre. La tectonique des plaques n\u2019est pas loin. Les tensions internes \u00e0 deux formations politiques (PS et LR) sont palpables non seulement car l\u2019analyse du scrutin n\u2019est pas partag\u00e9e mais \u00e9galement et surtout parce que l\u2019\u00e9lection pr\u00e9sidentielle est en ligne de mire. Les Fran\u00e7ais ont vot\u00e9 en pensant essentiellement\u2026 \u00e0 leur municipalit\u00e9. Sans ignorer les effets que cela pouvait avoir sur le champ politique national. A l\u2019heure actuelle, post-\u00e9lections locales et dans un contexte de tensions internationales, les Fran\u00e7ais regardent ces enjeux avec distance.<\/p>\n\n\n\n<p><\/p>\n\n\n\n<p>T\u00e9l\u00e9chargez aussi\u00a0notre <a href=\"https:\/\/tolunacorporate.com\/wp-content\/uploads\/2026\/03\/Rapport-Toluna-Harris-Interactive-La-confiance-des-Francais-dans-les-formations-politiques-LCI.pdf\">question du mois<\/a>\u00a0:\u00a0<strong>La confiance des Fran\u00e7ais dans les formations politiques<\/strong><\/p>\n\n\n\n<p><\/p>\n","protected":false},"excerpt":{"rendered":"<p>Enqu\u00eate r\u00e9alis\u00e9e par Toluna-Harris Interactive en ligne du 25 au 26 mars<\/p>\n","protected":false},"author":47,"featured_media":0,"comment_status":"closed","ping_status":"closed","sticky":false,"template":"","format":"standard","meta":{"_acf_changed":false,"_toluna_hide_sidebar":false,"footnotes":""},"categories":[233],"tags":[101],"class_list":["post-55897","post","type-post","status-publish","format-standard","hentry","category-france-fr","tag-poll-2","entry"],"acf":[],"_links":{"self":[{"href":"https:\/\/tolunacorporate.com\/fr\/wp-json\/wp\/v2\/posts\/55897","targetHints":{"allow":["GET"]}}],"collection":[{"href":"https:\/\/tolunacorporate.com\/fr\/wp-json\/wp\/v2\/posts"}],"about":[{"href":"https:\/\/tolunacorporate.com\/fr\/wp-json\/wp\/v2\/types\/post"}],"author":[{"embeddable":true,"href":"https:\/\/tolunacorporate.com\/fr\/wp-json\/wp\/v2\/users\/47"}],"replies":[{"embeddable":true,"href":"https:\/\/tolunacorporate.com\/fr\/wp-json\/wp\/v2\/comments?post=55897"}],"version-history":[{"count":0,"href":"https:\/\/tolunacorporate.com\/fr\/wp-json\/wp\/v2\/posts\/55897\/revisions"}],"wp:attachment":[{"href":"https:\/\/tolunacorporate.com\/fr\/wp-json\/wp\/v2\/media?parent=55897"}],"wp:term":[{"taxonomy":"category","embeddable":true,"href":"https:\/\/tolunacorporate.com\/fr\/wp-json\/wp\/v2\/categories?post=55897"},{"taxonomy":"post_tag","embeddable":true,"href":"https:\/\/tolunacorporate.com\/fr\/wp-json\/wp\/v2\/tags?post=55897"}],"curies":[{"name":"wp","href":"https:\/\/api.w.org\/{rel}","templated":true}]}}