
{"id":56088,"date":"2026-04-03T11:00:00","date_gmt":"2026-04-03T09:00:00","guid":{"rendered":"https:\/\/tolunacorporate.com\/?p=56088"},"modified":"2026-04-03T05:44:58","modified_gmt":"2026-04-03T03:44:58","slug":"les-francais-et-le-microbiote","status":"publish","type":"post","link":"https:\/\/tolunacorporate.com\/fr\/les-francais-et-le-microbiote\/","title":{"rendered":"Les Fran\u00e7ais et le microbiote\u200b"},"content":{"rendered":"\n<p><em>Enqu\u00eate r\u00e9alis\u00e9e en ligne du 20 au 23 mars 2026.\u200b \u00c9chantillon de <strong>1052 <\/strong>personnes repr\u00e9sentatif de la population fran\u00e7aise \u00e2g\u00e9e de 18 ans et plus.\u200b M\u00e9thode des quotas et redressement appliqu\u00e9s aux variables suivantes : sexe, \u00e2ge, cat\u00e9gorie socioprofessionnelle, r\u00e9gion et taille d\u2019agglom\u00e9ration de l\u2019interview\u00e9(e).\u200b<\/em><\/p>\n\n\n\n<p><\/p>\n\n\n\n<p><strong>Paris, le 3 avril,<\/strong><\/p>\n\n\n\n<p><\/p>\n\n\n\n<p><strong>Le microbiote b\u00e9n\u00e9ficie d\u2019un niveau de connaissance relatif<\/strong><strong>.<\/strong>\u200b<\/p>\n\n\n\n<ul class=\"wp-block-list\">\n<li>Le microbiote fait l\u2019objet d\u2019une notori\u00e9t\u00e9 relative : <strong>si la majorit\u00e9 des Fran\u00e7ais d\u00e9clarent en avoir d\u00e9j\u00e0 entendu parler (79%), seuls un peu plus d\u2019un tiers indiquent en <\/strong><strong>avoir une connaissance pr\u00e9cise (36%)<\/strong>. Malgr\u00e9 tout, apr\u00e8s une mise \u00e0 niveau sur le sujet, <strong>les Fran\u00e7ais partagent des repr\u00e9sentations plut\u00f4t justes du microbiote<\/strong>. Ils consid\u00e8rent majoritairement, \u00e0 raison, que <strong>le<\/strong> <strong>microbiote joue un r\u00f4le dans la pr\u00e9vention des maladies chroniques (78%) ou est unique pour chaque personne <\/strong><strong>(66%<\/strong><strong>). <\/strong>Certains aspects sont n\u00e9anmoins moins connus : le caract\u00e8re non-h\u00e9r\u00e9ditaire du microbiote (31%) et le fait qu\u2019il ne puisse pas \u00eatre am\u00e9lior\u00e9 par un seul aliment (26%).\u200b<\/li>\n\n\n\n<li>En plus d\u2019attribuer au microbiote certaines particularit\u00e9s \u00e0 tort ou \u00e0 raison, les Fran\u00e7ais identifient <strong>l\u2019inflammation chronique des intestins (70%), la d\u00e9r\u00e9gulation du <\/strong><strong>syst\u00e8me immunitaire (57%) et le d\u00e9veloppement de maladies chroniques (47%) comme \u00e9tant les principales cons\u00e9quences d\u2019un probl\u00e8me li\u00e9 au microbiote.<\/strong>\u200b<\/li>\n<\/ul>\n\n\n\n<p>\u200b<\/p>\n\n\n\n<p><strong>Hydratation, consommation de fibres et sollicitation d\u2019un gastro-ent\u00e9rologue : principales solutions identifi\u00e9es par les Fran\u00e7ais pour am\u00e9liorer ou soigner le microbiote<\/strong><strong>.<\/strong>\u200b<\/p>\n\n\n\n<ul class=\"wp-block-list\">\n<li><strong>Si l\u2019ensemble des solutions sont jug\u00e9es efficaces pour am\u00e9liorer son microbiote par une large majorit\u00e9 de Fran\u00e7ais, certaines se distinguent : <\/strong><strong>consommer des fibres <\/strong><strong>(91%) et <\/strong><strong>s\u2019hydrater r\u00e9guli\u00e8rement <\/strong><strong>(91%) <\/strong>sont jug\u00e9es comme les solutions avec le plus d\u2019impact. Une perception qui diff\u00e8re dans certains cas selon l\u2019\u00e2ge, notamment concernant la consommation de fibres et de produits ferment\u00e9s, davantage per\u00e7us comme des solutions pouvant am\u00e9liorer le microbiote chez les Fran\u00e7ais de 35 ans ou plus. \u200b<\/li>\n\n\n\n<li><strong>Les gastro-ent\u00e9rologues sont consid\u00e9r\u00e9s comme les acteurs les plus utiles pour traiter un probl\u00e8me li\u00e9 au microbiote (90<\/strong><strong>%, dont 49% estiment qu\u2019ils sont \u00ab\u00a0tr\u00e8s\u00a0\u00bb <\/strong><strong>utiles), <\/strong><strong>devant les m\u00e9decins g\u00e9n\u00e9ralistes (89<\/strong><strong>% utiles, dont 33% tr\u00e8s utiles) et <\/strong><strong>les sp\u00e9cialistes de l\u2019alimentation comme les nutritionnistes (87<\/strong><strong>%, dont 34% tr\u00e8s utiles) <\/strong><strong>et <\/strong><strong>les di\u00e9t\u00e9ticiens (84<\/strong><strong>%, dont 29% tr\u00e8s utiles). <\/strong>Toutefois, si les plus \u00e2g\u00e9s estiment davantage utiles les professionnels de la sant\u00e9 sp\u00e9cialis\u00e9s dans l\u2019alimentation ou la digestion, ou les m\u00e9decins g\u00e9n\u00e9ralistes, ceux \u00e2g\u00e9s de 25 \u00e0 49 ans per\u00e7oivent davantage l\u2019utilit\u00e9 d\u2019autres acteurs comme les allergologues, les sophrologues ou les psychologues\u200b\u200b.\u200b<\/li>\n<\/ul>\n\n\n\n<p>\u200b<\/p>\n\n\n\n<p><strong>Un faible niveau de pr\u00e9occupation au sujet de l\u2019\u00e9tat de son microbiote qui n\u2019emp\u00eache pas l\u2019adoption d\u2019actions permettant son am\u00e9lioration. Les 25-34 ans <\/strong><strong>apparaissent comme \u00e9tant les plus pr\u00e9occup\u00e9s et proactifs\u200b<\/strong><strong>.<\/strong>\u200b<\/p>\n\n\n\n<ul class=\"wp-block-list\">\n<li><strong>Le niveau de pr\u00e9occupation des Fran\u00e7ais \u00e0 l\u2019\u00e9gard de leur microbiote est faible : un peu plus d\u2019un tiers d\u00e9clarent s\u2019en pr\u00e9occuper (37%), et moins d\u20191 sur 10 se dit \u00ab <\/strong><strong>tr\u00e8s \u00bb pr\u00e9occup\u00e9 (8%). <\/strong>Les moins de 50 ans, et tout particuli\u00e8rement les 25-34 ans, d\u00e9clarent n\u00e9anmoins un niveau d\u2019attention un peu plus \u00e9lev\u00e9.\u200b Bien que le microbiote ne constitue pas un sujet majeur de pr\u00e9occupation, les Fran\u00e7ais d\u00e9clarent adopter des comportements visant \u00e0 l\u2019am\u00e9liorer, notamment la pratique d\u2019une activit\u00e9 sportive (56%) et la modification de leur alimentation (50%).\u200b<\/li>\n\n\n\n<li><strong>Enfin, moins d\u20191 Fran\u00e7ais sur 10 (8%) indique avoir d\u00e9j\u00e0 consult\u00e9 un professionnel de sant\u00e9 en raison d\u2019un probl\u00e8me li\u00e9 au microbiote. <\/strong>Une part qui est deux fois plus importante chez les 25-34 ans (19%).\u200b\u200b<\/li>\n<\/ul>\n\n\n\n<p><\/p>\n\n\n\n<p><\/p>\n\n\n\n<p>T\u00e9l\u00e9charger le <a href=\"https:\/\/tolunacorporate.com\/wp-content\/uploads\/2026\/04\/Rapport-Toluna-Harris-Observatoire-de-la-sante-Le-microbiote-Vague-31-PRO-BTP-RTL.pdf\">rapport complet<\/a><\/p>\n","protected":false},"excerpt":{"rendered":"<p>Enqu\u00eate r\u00e9alis\u00e9e en ligne du 20 au 23 mars 2026.\u200b \u00c9chantillon de<\/p>\n","protected":false},"author":47,"featured_media":0,"comment_status":"closed","ping_status":"closed","sticky":false,"template":"","format":"standard","meta":{"_acf_changed":false,"_toluna_hide_sidebar":false,"footnotes":""},"categories":[233],"tags":[101],"class_list":["post-56088","post","type-post","status-publish","format-standard","hentry","category-france-fr","tag-poll-2","entry"],"acf":[],"_links":{"self":[{"href":"https:\/\/tolunacorporate.com\/fr\/wp-json\/wp\/v2\/posts\/56088","targetHints":{"allow":["GET"]}}],"collection":[{"href":"https:\/\/tolunacorporate.com\/fr\/wp-json\/wp\/v2\/posts"}],"about":[{"href":"https:\/\/tolunacorporate.com\/fr\/wp-json\/wp\/v2\/types\/post"}],"author":[{"embeddable":true,"href":"https:\/\/tolunacorporate.com\/fr\/wp-json\/wp\/v2\/users\/47"}],"replies":[{"embeddable":true,"href":"https:\/\/tolunacorporate.com\/fr\/wp-json\/wp\/v2\/comments?post=56088"}],"version-history":[{"count":0,"href":"https:\/\/tolunacorporate.com\/fr\/wp-json\/wp\/v2\/posts\/56088\/revisions"}],"wp:attachment":[{"href":"https:\/\/tolunacorporate.com\/fr\/wp-json\/wp\/v2\/media?parent=56088"}],"wp:term":[{"taxonomy":"category","embeddable":true,"href":"https:\/\/tolunacorporate.com\/fr\/wp-json\/wp\/v2\/categories?post=56088"},{"taxonomy":"post_tag","embeddable":true,"href":"https:\/\/tolunacorporate.com\/fr\/wp-json\/wp\/v2\/tags?post=56088"}],"curies":[{"name":"wp","href":"https:\/\/api.w.org\/{rel}","templated":true}]}}