
{"id":57050,"date":"2026-04-24T18:00:00","date_gmt":"2026-04-24T16:00:00","guid":{"rendered":"https:\/\/tolunacorporate.com\/?p=57050"},"modified":"2026-04-24T18:11:22","modified_gmt":"2026-04-24T16:11:22","slug":"barometre-de-confiance-politique-avril-2026","status":"publish","type":"post","link":"https:\/\/tolunacorporate.com\/fr\/barometre-de-confiance-politique-avril-2026\/","title":{"rendered":"Barom\u00e8tre de confiance politique &#8211; Avril 2026"},"content":{"rendered":"\n<p><em>Enqu\u00eate r\u00e9alis\u00e9e par Toluna-Harris Interactive en ligne du 22\u00a0au\u00a023\u00a0avril\u00a02026. \u00c9chantillon de 1\u00a0080\u00a0personnes, repr\u00e9sentatif des Fran\u00e7ais \u00e2g\u00e9s de 18 ans et plus. M\u00e9thode des quotas et redressement appliqu\u00e9s aux variables suivantes : sexe, \u00e2ge, cat\u00e9gorie socioprofessionnelle et r\u00e9gion de l\u2019interview\u00e9(e).<\/em><\/p>\n\n\n\n<p><\/p>\n\n\n\n<p><strong>Paris, le 24 avril,<\/strong><\/p>\n\n\n\n<p>Tous les mois, Toluna Harris Interactive r\u00e9alise en partenariat avec LCI un barom\u00e8tre de confiance politique.<\/p>\n\n\n\n<p>T\u00e9l\u00e9chargez le\u00a0<a href=\"https:\/\/tolunacorporate.com\/wp-content\/uploads\/2026\/04\/Barometre-de-confiance-Toluna-Harris-interactive-LCI-Avril-2026-2.pdf\">rapport complet<\/a><\/p>\n\n\n\n<p>T\u00e9l\u00e9chargez la\u00a0<a href=\"https:\/\/tolunacorporate.com\/wp-content\/uploads\/2026\/04\/Note-danalyse-Toluna-Harris-Barometre-de-confiance-politique-Avril-2026-LCI.pdf\">note d\u2019analyse<\/a> de Jean-Daniel L\u00e9vy<\/p>\n\n\n\n<p><\/p>\n\n\n\n<p><strong><strong>\u200bLa hausse du prix du carburant abaisse la confiance dans les responsables politiques<\/strong>\u00a0<\/strong><\/p>\n\n\n\n<p>L\u2019actualit\u00e9 internationale marque toujours les esprits des Fran\u00e7ais\u2026 mais la France n\u2019apparait pas \u00e0 leurs yeux en premi\u00e8re ligne. La hausse du prix de l\u2019essence et du gasoil renforce le sentiment d\u2019un pays qui subit plus qu\u2019il n\u2019agit. Dans ce contexte, Emmanuel Macron voit la remont\u00e9e de confiance entam\u00e9e il y a quatre mois&nbsp;s\u2019arr\u00eater.&nbsp; Apr\u00e8s avoir qui plus est connu une hausse marqu\u00e9e le mois dernier,&nbsp;<strong>le Pr\u00e9sident voit la confiance des Fran\u00e7ais \u00e0 son \u00e9gard se stabiliser ce mois-ci (31%, +1).<\/strong>&nbsp;Dans un m\u00eame \u00e9lan S\u00e9bastien&nbsp;Lecornu, plus \u00ab touch\u00e9 \u00bb par les cons\u00e9quences au quotidien de la situation internationale, voit sa confiance r\u00e9gresser ce mois-ci (34%, -3) mais reste \u00e0 des niveaux comparables \u00e0 ceux enregistr\u00e9s depuis sa nomination.&nbsp;&nbsp;<\/p>\n\n\n\n<p>Du c\u00f4t\u00e9 du gouvernement, la tendance est \u00e9galement \u00e0 la baisse, la quasi-totalit\u00e9 des ministres enregistrant une diminution de leur niveau de confiance.&nbsp;&nbsp;<strong>G\u00e9rald Darmanin reste le ministre enregistrant le plus haut niveau de confiance (37%, -1), devant Laurent Nunez (29%, -2) et Catherine Vautrin (25%, -1).<\/strong>&nbsp;Pour autant, la situation internationale et la hausse des prix du carburant ne semblent pas plus affecter les ministres directement concern\u00e9s par ces enjeux qui conservent des niveaux de confiance stables comme Jean-No\u00ebl Barrot (24%, -1) ou Roland Lescure (23%, -1).&nbsp;<\/p>\n\n\n\n<p>Nous aurions pu nous attendre \u00e0 ce que les oppositions progressent. Il n\u2019en est rien. M\u00eame si&nbsp;<strong>Jordan&nbsp;Bardella&nbsp;demeure toujours la personnalit\u00e9 politique recueillant le plus de confiance aupr\u00e8s des Fran\u00e7ais (41%, stable), devant Marine Le Pen (38%, -1) ni l\u2019un ni l\u2019autre ne voient la confiance croitre \u00e0 leur \u00e9gard.<\/strong>&nbsp;Le d\u00e9put\u00e9 europ\u00e9en progresse \u00e9galement de 11 points aupr\u00e8s des sympathisants LR (53%), lui permettant d\u2019int\u00e9grer le \u00ab Top 10 \u00bb des personnalit\u00e9s envers lesquelles les sympathisants r\u00e9publicains font le plus confiance.&nbsp;<\/p>\n\n\n\n<p><strong>Edouard Philippe (3\u00e8me position) b\u00e9n\u00e9ficie de la confiance de 32% des Fran\u00e7ais (-2). Le Maire du Havre b\u00e9n\u00e9ficie toujours de la confiance de la grande majorit\u00e9 &#8211; quoi qu\u2019en baisse &#8211; des sympathisants Ensemble (78%, -3) et LR (46%, -10).<\/strong>&nbsp;Gabriel Attal voit son niveau de confiance se stabiliser (29%, -1). L\u2019ex-Premier ministre apparait comme la personnalit\u00e9 politique enregistrant le plus haut niveau de confiance aupr\u00e8s de sa famille politique derri\u00e8re Edouard Philippe (71%, stable&nbsp;depuis&nbsp;un mois).&nbsp;<\/p>\n\n\n\n<p>A droite, r\u00e9cemment d\u00e9sign\u00e9 comme candidat de son parti \u00e0 la prochaine \u00e9lection pr\u00e9sidentielle,&nbsp;<strong>Bruno Retailleau renforce son statut de personnalit\u00e9 de droite jouissant du plus haut niveau de confiance aupr\u00e8s des Fran\u00e7ais (30%, +2).<\/strong>&nbsp;Il b\u00e9n\u00e9ficie \u00e9galement de la confiance de 76% des sympathisants de sa famille politique (+11),&nbsp;faisant de lui la personnalit\u00e9 recueillant le plus de confiance aupr\u00e8s des sympathisants LR.&nbsp;<\/p>\n\n\n\n<p>A gauche,&nbsp;<strong>Rapha\u00ebl&nbsp;Glucksmann&nbsp;enregistre la confiance de 23% des Fran\u00e7ais, soit un niveau en baisse depuis le mois de mars (-4).<\/strong>&nbsp;Il demeure la premi\u00e8re personnalit\u00e9 aupr\u00e8s des sympathisants socialistes (61%, -13).&nbsp;<\/p>\n\n\n\n<p><strong>Jean-Luc M\u00e9lenchon voit son niveau de confiance baisser l\u00e9g\u00e8rement aupr\u00e8s des Fran\u00e7ais (14%, -2). Il reste la personnalit\u00e9 recueillant le plus de confiance au sein de sa famille politique (72%, -2).<\/strong>&nbsp;Enfin, nouvellement test\u00e9 dans notre barom\u00e8tre, le maire de Saint-Denis, Bally Bagayoko enregistre la confiance de 11% des Fran\u00e7ais et de 35% des sympathisants insoumis dans un contexte o\u00f9 sa notori\u00e9t\u00e9 peut encore progresser.&nbsp;<\/p>\n\n\n\n<p>En cette fin avril et \u00e0 un an de l\u2019\u00e9lection pr\u00e9sidentielle, nous observons des Fran\u00e7ais,&nbsp;si ce n\u2019est fatalistes,&nbsp;\u00e0 tout le moins d\u00e9sabus\u00e9s. Marqu\u00e9s et inquiets tant par la situation internationale que par les cons\u00e9quences nationales, ils ne bouleversent pas leurs repr\u00e9sentations \u00e0 l\u2019\u00e9gard des acteurs politiques. On se rappelle que le pouvoir d\u2019achat constituait la premi\u00e8re motivation de vote \u00e0 la derni\u00e8re pr\u00e9sidentielle. On sait que \u00ab l\u2019international \u00bb joue \u00e9galement et devrait jouer un r\u00f4le d\u00e9terminant de la prochaine consultation \u00e9lectorale. Pour autant, rien de montre en cette p\u00e9riode de crises marquantes qu\u2019un acteur politique parvient, aujourd\u2019hui, \u00e0 en tirer un b\u00e9n\u00e9fice d\u2019opinion.&nbsp;<\/p>\n\n\n\n<p><\/p>\n\n\n\n<p>T\u00e9l\u00e9chargez aussi\u00a0notre <a href=\"https:\/\/tolunacorporate.com\/wp-content\/uploads\/2026\/04\/Rapport-Toluna-Harris-Interactive-Les-Francais-et-la-guerre-au-Moyen-Orient-LCI.pdf\">question du mois<\/a>\u00a0:\u00a0<strong>Les Fran\u00e7ais et la guerre au Moyen-Orient<\/strong><\/p>\n\n\n\n<p><\/p>\n","protected":false},"excerpt":{"rendered":"<p>Enqu\u00eate r\u00e9alis\u00e9e par Toluna-Harris Interactive en ligne du 22\u00a0au\u00a023\u00a0avril\u00a02026. \u00c9chantillon de 1\u00a0080\u00a0personnes,<\/p>\n","protected":false},"author":47,"featured_media":50231,"comment_status":"closed","ping_status":"closed","sticky":false,"template":"","format":"standard","meta":{"_acf_changed":false,"_toluna_hide_sidebar":false,"footnotes":""},"categories":[233],"tags":[101],"class_list":["post-57050","post","type-post","status-publish","format-standard","has-post-thumbnail","hentry","category-france-fr","tag-poll-2","entry"],"acf":[],"_links":{"self":[{"href":"https:\/\/tolunacorporate.com\/fr\/wp-json\/wp\/v2\/posts\/57050","targetHints":{"allow":["GET"]}}],"collection":[{"href":"https:\/\/tolunacorporate.com\/fr\/wp-json\/wp\/v2\/posts"}],"about":[{"href":"https:\/\/tolunacorporate.com\/fr\/wp-json\/wp\/v2\/types\/post"}],"author":[{"embeddable":true,"href":"https:\/\/tolunacorporate.com\/fr\/wp-json\/wp\/v2\/users\/47"}],"replies":[{"embeddable":true,"href":"https:\/\/tolunacorporate.com\/fr\/wp-json\/wp\/v2\/comments?post=57050"}],"version-history":[{"count":0,"href":"https:\/\/tolunacorporate.com\/fr\/wp-json\/wp\/v2\/posts\/57050\/revisions"}],"wp:featuredmedia":[{"embeddable":true,"href":"https:\/\/tolunacorporate.com\/fr\/wp-json\/wp\/v2\/media\/50231"}],"wp:attachment":[{"href":"https:\/\/tolunacorporate.com\/fr\/wp-json\/wp\/v2\/media?parent=57050"}],"wp:term":[{"taxonomy":"category","embeddable":true,"href":"https:\/\/tolunacorporate.com\/fr\/wp-json\/wp\/v2\/categories?post=57050"},{"taxonomy":"post_tag","embeddable":true,"href":"https:\/\/tolunacorporate.com\/fr\/wp-json\/wp\/v2\/tags?post=57050"}],"curies":[{"name":"wp","href":"https:\/\/api.w.org\/{rel}","templated":true}]}}