
{"id":57181,"date":"2026-04-29T15:47:26","date_gmt":"2026-04-29T13:47:26","guid":{"rendered":"https:\/\/tolunacorporate.com\/?p=57181"},"modified":"2026-04-29T17:55:34","modified_gmt":"2026-04-29T15:55:34","slug":"la-liberte-et-legalite-en-france","status":"publish","type":"post","link":"https:\/\/tolunacorporate.com\/fr\/la-liberte-et-legalite-en-france\/","title":{"rendered":"La libert\u00e9 et l\u2019\u00e9galit\u00e9 en France"},"content":{"rendered":"\n<p><em>Enqu\u00eate r\u00e9alis\u00e9e en ligne du 24 f\u00e9vrier au 6 mars 2026.\u200b \u00c9chantillon de 2 008 personnes repr\u00e9sentatif de la population fran\u00e7aise \u00e2g\u00e9e de 18 ans et plus, dont 253 fumeurs exclusifs de cigarettes et 90 vapoteurs exclusifs.\u200b M\u00e9thode des quotas et redressement appliqu\u00e9s aux variables suivantes : sexe, \u00e2ge, cat\u00e9gorie socioprofessionnelle et r\u00e9gion de r\u00e9sidence de l\u2019interview\u00e9(e).\u200b<\/em><\/p>\n\n\n\n<p><\/p>\n\n\n\n<p><strong>Paris, le 29 avril,<\/strong><\/p>\n\n\n\n<p>Toluna Harris Interactive a r\u00e9alis\u00e9&nbsp;une enqu\u00eate&nbsp;sur la perception&nbsp;de la devise de la R\u00e9publique&nbsp;par les Fran\u00e7ais,&nbsp;aupr\u00e8s d\u2019un \u00e9chantillon de&nbsp;2\u202f008 personnes repr\u00e9sentatif de la population fran\u00e7aise \u00e2g\u00e9e de 18 ans et plus.&nbsp;&nbsp;<\/p>\n\n\n\n<p><strong>Que retenir de cette enqu\u00eate\u202f?<\/strong>&nbsp;<\/p>\n\n\n\n<p><strong>La devise de la R\u00e9publique fran\u00e7aise, \u00ab\u202fLibert\u00e9, \u00c9galit\u00e9, Fraternit\u00e9\u202f\u00bb a un \u00e9cho dans le c\u0153ur des Fran\u00e7ais&nbsp;<\/strong>: 87% y sont attach\u00e9s, 66% estiment qu&rsquo;elle correspond bien \u00e0 la France et 48% qu&rsquo;elle conserve son sens aujourd&rsquo;hui.&nbsp;&nbsp;<\/p>\n\n\n\n<p><strong>C&rsquo;est la notion de Libert\u00e9 qui a la plus grande importance aupr\u00e8s des Fran\u00e7ais&nbsp;<\/strong>(58%), devant l&rsquo;\u00c9galit\u00e9 (26%) et la Fraternit\u00e9 (16%). Si ces r\u00e9sultats sont plut\u00f4t homog\u00e8nes au sein de la population, on remarque les Fran\u00e7ais les plus jeunes accordent davantage d&rsquo;importance \u00e0 l&rsquo;\u00c9galit\u00e9 : 35% des moins de 35 ans estiment qu\u2019il s\u2019agit de la valeur la plus importante \u00e0 leurs yeux, derri\u00e8re la Libert\u00e9 (50%) et devant la Fraternit\u00e9 (15%).&nbsp;&nbsp;<\/p>\n\n\n\n<p>Les Fran\u00e7ais consid\u00e8rent que les principes li\u00e9s \u00e0 la Libert\u00e9 sont respect\u00e9s en France (62%). En revanche, le respect des principes d&rsquo;\u00c9galit\u00e9 (33%) et de Fraternit\u00e9 (37%) est moins attest\u00e9.&nbsp;&nbsp;<\/p>\n\n\n\n<p>Si la Libert\u00e9 est vue comme \u00e9tant relativement respect\u00e9e, c&rsquo;est moins le cas de la notion de \u00ab\u202flibert\u00e9s publiques\u202f\u00bb (droits et libert\u00e9s individuelles) : seul 1 Fran\u00e7ais sur 2 consid\u00e8re que les libert\u00e9s publiques sont bien respect\u00e9es par l\u2019\u00c9tat en France, les plus jeunes consid\u00e9rant davantage qu&rsquo;elles sont bien respect\u00e9es (59% chez les 18-24 ans, contre 49% chez les 65 ans et plus).&nbsp;&nbsp;<\/p>\n\n\n\n<p>De fa\u00e7on plus pr\u00e9cise,&nbsp;<strong>54% des Fran\u00e7ais jugent qu\u2019il y a aujourd&rsquo;hui trop de r\u00e9glementations<\/strong>. Un constat davantage&nbsp;un peu plus&nbsp;partag\u00e9 parmi les fumeurs de cigarettes uniquement (59%).&nbsp;&nbsp;<\/p>\n\n\n\n<p>En revanche, la quantit\u00e9 d&rsquo;interdictions pr\u00e9vues par le l\u00e9gislateur&nbsp;polarise davantage la population : 36% estiment qu&rsquo;il y en a trop, 36% qu&rsquo;il y en a suffisamment et 27% qu&rsquo;il n&rsquo;y en a pas assez. Une polarisation qui se retrouve dans de nombreuses dimensions :&nbsp;&nbsp;<\/p>\n\n\n\n<ul class=\"wp-block-list\">\n<li>55% des Fran\u00e7ais jugent qu\u2019il faudrait faire davantage confiance aux individus et r\u00e9duire les normes et r\u00e9glementations, tandis que 44% estiment qu\u2019il faudrait au contraire les renforcer ;&nbsp;&nbsp;<\/li>\n<\/ul>\n\n\n\n<ul class=\"wp-block-list\">\n<li>56% consid\u00e8rent qu\u2019elles visent \u00e0 contr\u00f4ler la vie des Fran\u00e7ais tandis que 43% jugent qu\u2019elles ont pour objectif de les prot\u00e9ger ;&nbsp;&nbsp;<\/li>\n<\/ul>\n\n\n\n<ul class=\"wp-block-list\">\n<li>58% des Fran\u00e7ais consid\u00e8rent que l\u2019\u00c9tat augmente les taxes sur certains produits nocifs pour la sant\u00e9 essentiellement pour augmenter ses recettes fiscales, 4\/10 jugent au contraire qu\u2019il vise \u00e0 prot\u00e9ger la sant\u00e9 des Fran\u00e7ais.&nbsp;&nbsp;<\/li>\n<\/ul>\n\n\n\n<p>Malgr\u00e9 cette d\u00e9fiance \u00e0 l\u2019\u00e9gard des normes, concernant la protection des enfants, les Fran\u00e7ais consid\u00e8rent majoritairement que l\u2019\u00c9tat devrait davantage responsabiliser les parents (68%).&nbsp;<\/p>\n\n\n\n<p><strong>Une minorit\u00e9 de Fran\u00e7ais juge que l\u2019\u00c9tat doit pouvoir restreindre les libert\u00e9s d\u2019une partie de la population plut\u00f4t qu\u2019une autre en mati\u00e8re de sant\u00e9 publique&nbsp;<\/strong>(44%). De m\u00eame, le fait de prot\u00e9ger une partie de la population les divise (42% adh\u00e9rant \u00e0 ce principe).&nbsp;&nbsp;<\/p>\n\n\n\n<p>Ainsi,&nbsp;<strong>les Fran\u00e7ais appellent \u00e9galement \u00e0 davantage de r\u00e9glementations&nbsp;<\/strong>: par exemple, 76% consid\u00e8rent qu&rsquo;il faudrait \u00e0 l&rsquo;avenir plus de r\u00e9gulations et d&rsquo;interdictions pour contr\u00f4ler l&rsquo;acc\u00e8s \u00e0 la pornographie pour les mineurs et 70% pour contr\u00f4ler l&rsquo;acc\u00e8s aux r\u00e9seaux sociaux pour les mineurs. Concernant la consommation d&rsquo;alcool et de tabac, une majorit\u00e9 souhaiterait voir plus de r\u00e9gulations (respectivement 51% et 48%) bien que le statu quo soit pr\u00f4n\u00e9 par une part non n\u00e9gligeable de Fran\u00e7ais (respectivement 37% et 36%).&nbsp;&nbsp;<\/p>\n\n\n\n<p>Dans le d\u00e9tail, les Fran\u00e7ais souhaiteraient qu\u2019il existe davantage de r\u00e9gulations et d\u2019interdictions concernant la consommation de tabac chez les mineurs (67%). Pour la consommation de tabac chez les personnes majeures, les Fran\u00e7ais sont divis\u00e9s entre une augmentation (37%) et une r\u00e9duction des r\u00e9gulations et interdictions (42%).&nbsp;&nbsp;<\/p>\n\n\n\n<p>Concernant la consommation d&rsquo;alcool, une logique similaire existe : 69% des Fran\u00e7ais veulent voir plus de r\u00e9gulations pour les personnes mineures, tandis que 42% souhaitent que cela reste comme c&rsquo;est actuellement pour les personnes majeures.&nbsp;&nbsp;<\/p>\n\n\n\n<p><\/p>\n\n\n\n<p><\/p>\n\n\n\n<p>T\u00e9l\u00e9charger le <a href=\"https:\/\/tolunacorporate.com\/wp-content\/uploads\/2026\/04\/Rapport-Toluna-Liberte-et-egalite-en-France-Seita-IMB-Mars-2026.pdf\">rapport complet<\/a><\/p>\n\n\n\n<p><\/p>\n","protected":false},"excerpt":{"rendered":"<p>Enqu\u00eate r\u00e9alis\u00e9e en ligne du 24 f\u00e9vrier au 6 mars 2026.\u200b \u00c9chantillon<\/p>\n","protected":false},"author":47,"featured_media":57216,"comment_status":"closed","ping_status":"closed","sticky":false,"template":"","format":"standard","meta":{"_acf_changed":false,"_toluna_hide_sidebar":false,"footnotes":""},"categories":[233],"tags":[101],"class_list":["post-57181","post","type-post","status-publish","format-standard","has-post-thumbnail","hentry","category-france-fr","tag-poll-2","entry"],"acf":[],"_links":{"self":[{"href":"https:\/\/tolunacorporate.com\/fr\/wp-json\/wp\/v2\/posts\/57181","targetHints":{"allow":["GET"]}}],"collection":[{"href":"https:\/\/tolunacorporate.com\/fr\/wp-json\/wp\/v2\/posts"}],"about":[{"href":"https:\/\/tolunacorporate.com\/fr\/wp-json\/wp\/v2\/types\/post"}],"author":[{"embeddable":true,"href":"https:\/\/tolunacorporate.com\/fr\/wp-json\/wp\/v2\/users\/47"}],"replies":[{"embeddable":true,"href":"https:\/\/tolunacorporate.com\/fr\/wp-json\/wp\/v2\/comments?post=57181"}],"version-history":[{"count":0,"href":"https:\/\/tolunacorporate.com\/fr\/wp-json\/wp\/v2\/posts\/57181\/revisions"}],"wp:featuredmedia":[{"embeddable":true,"href":"https:\/\/tolunacorporate.com\/fr\/wp-json\/wp\/v2\/media\/57216"}],"wp:attachment":[{"href":"https:\/\/tolunacorporate.com\/fr\/wp-json\/wp\/v2\/media?parent=57181"}],"wp:term":[{"taxonomy":"category","embeddable":true,"href":"https:\/\/tolunacorporate.com\/fr\/wp-json\/wp\/v2\/categories?post=57181"},{"taxonomy":"post_tag","embeddable":true,"href":"https:\/\/tolunacorporate.com\/fr\/wp-json\/wp\/v2\/tags?post=57181"}],"curies":[{"name":"wp","href":"https:\/\/api.w.org\/{rel}","templated":true}]}}