
{"id":59459,"date":"2026-06-05T15:15:03","date_gmt":"2026-06-05T13:15:03","guid":{"rendered":"https:\/\/tolunacorporate.com\/?p=59459"},"modified":"2026-06-05T15:31:56","modified_gmt":"2026-06-05T13:31:56","slug":"observatoire-parlement-vague-9","status":"publish","type":"post","link":"https:\/\/tolunacorporate.com\/fr\/observatoire-parlement-vague-9\/","title":{"rendered":"Observatoire Parlement \u2013 Vague 9"},"content":{"rendered":"\n<p class=\"wp-block-paragraph\"><em>Enqu\u00eate r\u00e9alis\u00e9e par Toluna-Harris Interactive en ligne du 26 au 30 septembre 2025. \u00c9chantillon de 1&nbsp;065 personnes, repr\u00e9sentatif des Fran\u00e7ais \u00e2g\u00e9s de 18 ans et plus. M\u00e9thode des quotas et redressement appliqu\u00e9s aux variables suivantes : sexe, \u00e2ge, cat\u00e9gorie socioprofessionnelle et r\u00e9gion de l\u2019interview\u00e9(e).<\/em><\/p>\n\n\n\n<p class=\"wp-block-paragraph\"><\/p>\n\n\n\n<p class=\"wp-block-paragraph\"><strong>Paris, le 5 juin,<\/strong><\/p>\n\n\n\n<p class=\"wp-block-paragraph\">Toluna Harris Interactive, S\u00e9ance Publique et l\u2019HEIP ont lanc\u00e9 en septembre 2022 l\u2019\u00ab\u202fObservatoire Parlement\u202f\u00bb, une \u00e9tude barom\u00e9trique qui permet de comprendre comment les Fran\u00e7ais suivent et s\u2019approprient l\u2019actualit\u00e9 du Parlement, de ses textes et de ses forces politiques. Cette neuvi\u00e8me vague d\u2019enqu\u00eate fait le point sur la perception des diff\u00e9rentes forces \u00e0 l\u2019Assembl\u00e9e nationale ainsi que l\u2019image qu\u2019ont les Fran\u00e7ais de la chambre haute, le S\u00e9nat, ainsi que des commissions d\u2019enqu\u00eate parlementaire. A un an de la prochaine \u00e9lection pr\u00e9sidentielle et du terme du deuxi\u00e8me mandat d\u2019Emmanuel Macron, cette enqu\u00eate dresse \u00e9galement le bilan des Fran\u00e7ais sur l\u2019activit\u00e9 parlementaire durant cette p\u00e9riode.<\/p>\n\n\n\n<p class=\"wp-block-paragraph\">T\u00e9l\u00e9charger le <a href=\"https:\/\/tolunacorporate.com\/wp-content\/uploads\/2026\/06\/Rapport-Toluna-Harris-Observatoire-Parlement-Vague-9-Seance-Publique-Mai-2026.pdf\" data-type=\"link\" data-id=\"https:\/\/tolunacorporate.com\/wp-content\/uploads\/2026\/06\/Rapport-Toluna-Harris-Observatoire-Parlement-Vague-9-Seance-Publique-Mai-2026.pdf\">rapport complet<\/a><\/p>\n\n\n\n<p class=\"wp-block-paragraph\"><strong>Que retenir de cette \u00e9tude&nbsp;?<\/strong><\/p>\n\n\n\n<p class=\"wp-block-paragraph\"><strong>Une confiance dans la capacit\u00e9 des institutions \u00e0 changer la vie des Fran\u00e7ais qui s\u2019am\u00e9liore l\u00e9g\u00e8rement<\/strong><\/p>\n\n\n\n<p class=\"wp-block-paragraph\">Interrog\u00e9s sur les institutions en mesure de changer la vie des Fran\u00e7ais, <strong>les collectivit\u00e9s territoriales (61%), l\u2019Assembl\u00e9e nationale (58%), le pr\u00e9sident de la R\u00e9publique (57%) et le Premier ministre (52%)<\/strong> sont per\u00e7ues comme celles ayant le plus cette capacit\u00e9. Un constat globalement en hausse pour l\u2019ensemble des institutions par rapport \u00e0 la pr\u00e9c\u00e9dente mesure, r\u00e9alis\u00e9e en pleine p\u00e9riode d\u2019instabilit\u00e9 parlementaire (octobre 2025). A ce titre, <strong>le S\u00e9nat se \u00ab&nbsp;repositionne&nbsp;\u00bb<\/strong> <strong>(49%) en progressant nettement par rapport \u00e0 la derni\u00e8re mesure (+7)<\/strong>.<\/p>\n\n\n\n<p class=\"wp-block-paragraph\">A l\u2019avenir, <strong>la moiti\u00e9 des Fran\u00e7ais souhaiteraient que les collectivit\u00e9s territoriales<\/strong> <strong>aient davantage de pouvoir<\/strong> (49%&nbsp;; +3 depuis octobre 2025) et un tiers pour les conf\u00e9rences de citoyens tir\u00e9s au sort (36%, +3). Comme mesur\u00e9 pr\u00e9c\u00e9demment, un peu plus <strong>d\u2019un tiers<\/strong> <strong>des Fran\u00e7ais penchent en revanche pour une limitation des pouvoirs du pr\u00e9sident de la R\u00e9publique (37%), du S\u00e9nat (34%), mais \u00e9galement du Premier ministre (28%) et de l\u2019Assembl\u00e9e nationale (28%).<\/strong><\/p>\n\n\n\n<p class=\"wp-block-paragraph\"><\/p>\n\n\n\n<p class=\"wp-block-paragraph\"><strong>Le S\u00e9nat, une institution jug\u00e9e en regard de ses pouvoirs de contr\u00f4le de l\u2019Assembl\u00e9e nationale<\/strong><\/p>\n\n\n\n<p class=\"wp-block-paragraph\"><\/p>\n\n\n\n<p class=\"wp-block-paragraph\">Interrog\u00e9s plus pr\u00e9cis\u00e9ment sur le S\u00e9nat, les Fran\u00e7ais t\u00e9moignent d\u2019une opinion plut\u00f4t positive de la chambre haute. <strong>Celle-ci est ainsi per\u00e7ue comme \u00e9tant un moyen de limiter le pouvoir de l\u2019Assembl\u00e9e nationale (65%) en ce qu\u2019elle peut am\u00e9liorer les textes qui sont issus du palais Bourbon (64%)<\/strong>, notamment car les Fran\u00e7ais consid\u00e8rent que les s\u00e9nateurs disposent de plus de temps que les d\u00e9put\u00e9s pour \u00e9tudier les projets de lois (64%). Des aspects positifs globalement en hausse en comparaison avec la mesure r\u00e9alis\u00e9e en d\u00e9but de quinquennat en avril 2023.<\/p>\n\n\n\n<p class=\"wp-block-paragraph\">Pour 6 Fran\u00e7ais sur 10, le S\u00e9nat est \u00e9galement une institution permettant de limiter les pouvoirs du pr\u00e9sident de la R\u00e9publique. De mani\u00e8re plus g\u00e9n\u00e9rale, le S\u00e9nat est majoritairement vu comme \u00e9tant un lieu permettant un d\u00e9bat pos\u00e9 entre les diff\u00e9rentes formations politiques (60%), dans lequel les diff\u00e9rents groupes travaillent de concert pour aboutir \u00e0 des compromis (59%), avec pour objectif d\u2019am\u00e9liorer la vie de la population (56%). Les Fran\u00e7ais y accolent \u00e9galement plut\u00f4t l\u2019image d\u2019un travail s\u00e9rieux (54%) et d\u2019\u00e9changes constructifs (50%). En revanche, et en coh\u00e9rence avec ce qui \u00e9tait mesur\u00e9 il y a 3 ans, seuls 43% des Fran\u00e7ais estiment que <strong>le S\u00e9nat est repr\u00e9sentatif de la soci\u00e9t\u00e9 fran\u00e7aise (43%)<\/strong>.<\/p>\n\n\n\n<p class=\"wp-block-paragraph\">Interrog\u00e9s par ailleurs sur les prochaines \u00e9lections s\u00e9natoriales, en septembre, 6 Fran\u00e7ais sur 10 (59%) ne souhaitent pas que le camp pr\u00e9sidentiel dispose de la majorit\u00e9.<\/p>\n\n\n\n<p class=\"wp-block-paragraph\"><\/p>\n\n\n\n<p class=\"wp-block-paragraph\"><strong>La d\u00e9fiance se maintient \u00e0 l\u2019\u00e9gard des parlementaires<\/strong><\/p>\n\n\n\n<p class=\"wp-block-paragraph\"><\/p>\n\n\n\n<p class=\"wp-block-paragraph\">A l\u2019instar des mesures pr\u00e9c\u00e9dentes, <strong>l\u2019action d\u2019aucun groupe parlementaire ne satisfait une majorit\u00e9 de Fran\u00e7ais. En effet, seuls 4 Fran\u00e7ais sur 10 se d\u00e9clarent satisfaits de l\u2019action des parlementaires du Rassemblement National, formation politique pourtant la plus positivement per\u00e7ue (43%, =),<\/strong> devant les parlementaires LR\/Droite R\u00e9publicaine (35%, +3), Horizons (32%, +4) et \u00c9cologistes (31%, +4). Les parlementaires de l\u2019UDR, la formation politique d\u2019\u00c9ric Ciotti, b\u00e9n\u00e9ficient d\u2019une forte progression (31%, +6), tout comme les \u00e9lus du groupe LIOT (31%, +8) dans un contexte de hausse globale par rapport \u00e0 la mesure de l\u2019automne dernier o\u00f9 la plupart des formations politiques avaient atteint leur plus bas niveau depuis le d\u00e9but des mesures. Moins de 3 Fran\u00e7ais sur 10 se d\u00e9clarent satisfaits en revanche des parlementaires socialistes (29%, +4), Renaissance (27%, +4), communistes (25%, +7), insoumis (23%, +8) ou encore du MoDem (23%, +4).<\/p>\n\n\n\n<p class=\"wp-block-paragraph\">Comme lors des pr\u00e9c\u00e9dentes l\u00e9gislatures, <strong>les Fran\u00e7ais consid\u00e8rent majoritairement que l\u2019opposition au gouvernement au sein du Parlement est le mieux repr\u00e9sent\u00e9e par les parlementaires du Rassemblement National&nbsp;: 40% (-4),<\/strong> devant les \u00e9lus insoumis (26%, +2) et socialistes (10%, -1).<\/p>\n\n\n\n<p class=\"wp-block-paragraph\">Dans ce contexte, les sympathisants de chaque formation politique apparaissent partag\u00e9s quant \u00e0 l\u2019attitude \u00e0 adopter face \u00e0 aux projets de loi du gouvernement. <strong>Les sympathisants Ensemble notamment se montrent plus partag\u00e9s encore que lors de la derni\u00e8re mesure entre un soutien \u00e0 tous les projets de loi du gouvernement (51%, -7) ou bien au cas par cas (47%). Les sympathisants socialistes et des R\u00e9publicains estiment par ailleurs majoritairement (70%) que leurs parlementaires respectifs devraient voter au moins certains projets de loi du gouvernement (et seulement 7% qu\u2019ils devraient s\u2019opposer \u00e0 tous)<\/strong>. Aupr\u00e8s des formations politiques d\u2019opposition enfin, on note que seule une minorit\u00e9 des proches du RN s\u2019attendent \u00e0 une attitude de rejet de tous les projets de loi du gouvernement (24%), les sympathisants insoumis se montrant un peu plus fermes (35%).<\/p>\n\n\n\n<p class=\"wp-block-paragraph\">Lors de cette vague, les Fran\u00e7ais ont \u00e9galement \u00e9t\u00e9 interrog\u00e9s sur leur perception des commissions d\u2019enqu\u00eate parlementaire, c\u2019est-\u00e0-dire ces initiatives parlementaires au titre du contr\u00f4le de l&rsquo;action gouvernementale, dans un contexte o\u00f9 la commission d\u2019enqu\u00eate sur l\u2019audiovisuel public avait \u00e9t\u00e9 particuli\u00e8rement m\u00e9diatis\u00e9e. D\u2019une part, <strong>les Fran\u00e7ais associent \u00e0 ces commissions d\u2019enqu\u00eate une utilit\u00e9&nbsp;: pouvoir informer les parlementaires (64%), les Fran\u00e7ais (63%), proposer des recommandations (67%) et rendre publics des dysfonctionnements (67%), mais aussi pouvoir contr\u00f4ler l\u2019action du gouvernement (62%). <\/strong>Si les Fran\u00e7ais se montrent plus partag\u00e9s concernant le fait que ces commissions travaillent de mani\u00e8re s\u00e9rieuse (58%) et o\u00f9 les groupes parlementaires diff\u00e9rents travaillent ensemble pour aboutir \u00e0 des compromis (58%) et permettre un d\u00e9bat pos\u00e9 entre les diff\u00e9rentes forces politiques (57%), une majorit\u00e9 d\u2019entre eux estiment \u00e9galement que les commissions d\u2019enqu\u00eates parlementaires permettent aux parlementaires de s\u2019en servir pour leur communication personnelle (58%) et seuls 43% consid\u00e8rent qu\u2019elles disposent de pouvoirs trop importants.<\/p>\n\n\n\n<p class=\"wp-block-paragraph\"><strong>Un bilan s\u00e9v\u00e8re des derni\u00e8res l\u00e9gislatures dans l\u2019esprit des Fran\u00e7ais et une situation d\u2019absence de majorit\u00e9 source de blocages<\/strong><\/p>\n\n\n\n<p class=\"wp-block-paragraph\">La dissolution de l\u2019Assembl\u00e9e nationale en juin 2024 et la situation de blocage qui a suivi depuis a engendr\u00e9 une polarisation d\u2019opinion chez les Fran\u00e7ais. La moiti\u00e9 d\u2019entre eux consid\u00e8re que cette redistribution des cartes repr\u00e9sente une bonne chose, cela incitant les d\u00e9put\u00e9s \u00e0 dialoguer pour aboutir \u00e0 un compromis (47%), l\u2019autre moiti\u00e9 estimant au contraire que cela cr\u00e9e des situations de blocage (52%), notamment pour les sympathisants LR (68%) et Ensemble (58%). Un jugement n\u00e9gatif sur cette situation que l\u2019on observe \u00e0 chacune des mesures effectu\u00e9es depuis le d\u00e9but de la nouvelle l\u00e9gislature. Rappelons que quelque mois apr\u00e8s les \u00e9lections l\u00e9gislatives de 2022, 71% estimaient que la situation de majorit\u00e9 relative du camp pr\u00e9sidentiel \u00e9tait une bonne chose. &nbsp;<\/p>\n\n\n\n<p class=\"wp-block-paragraph\">Ainsi, les Fran\u00e7ais portent un regard majoritairement n\u00e9gatif sur le r\u00f4le qu\u2019a pu jouer l\u2019Assembl\u00e9e nationale sous le deuxi\u00e8me quinquennat d\u2019Emmanuel Macron. <strong>Marqu\u00e9s par les d\u00e9bats annuels autour du budget, la r\u00e9forme des retraites et la dissolution, les Fran\u00e7ais consid\u00e8rent que, depuis 2022 et le d\u00e9but du deuxi\u00e8me quinquennat d\u2019Emmanuel Macron, la chambre basse n\u2019a bien jou\u00e9 ni son r\u00f4le consistant \u00e0 discuter et voter les lois (66%) ni sa mission de contr\u00f4le du gouvernement (61%). <\/strong>Notons que les sympathisants d\u2019aucune formation politique n\u2019estiment majoritairement que l\u2019Assembl\u00e9e nationale a bien jou\u00e9 son r\u00f4le de discussion et de vote de la loi, et que seuls les sympathisants Ensemble consid\u00e8rent que l\u2019Assembl\u00e9e a bien contr\u00f4l\u00e9 l\u2019action du gouvernement (60%).<\/p>\n\n\n\n<p class=\"wp-block-paragraph\"><strong>Interrog\u00e9s sur les deux votes de censure (du gouvernement Barnier) et de non-confiance (du gouvernement Bayrou) ayant marqu\u00e9 cette p\u00e9riode, les Fran\u00e7ais sont une majorit\u00e9 \u00e0 consid\u00e9rer ces situations n\u00e9gativement, car elles auront d\u00e9stabilis\u00e9 le syst\u00e8me politique (54%) \u2013 alors que 53% des Fran\u00e7ais approuvaient la censure de Michel Barnier en d\u00e9cembre 2024 et que 68% d\u00e9claraient souhaiter le d\u00e9part de Fran\u00e7ois Bayrou de Matignon d\u00e9but septembre 2025, preuve d\u2019une relecture des \u00e9v\u00e8nements <em>a posteriori<\/em>. <\/strong>Cette opinion est d\u2019autant plus soutenue par les sympathisants Ensemble (65%), LR (59%) mais aussi par les soutiens du RN (55%) et du PS (52%), alors que seuls les insoumis estiment majoritairement qu\u2019il s\u2019agit d\u2019une bonne chose car l\u2019Assembl\u00e9e nationale aura jou\u00e9 son r\u00f4le de contr\u00f4le de l\u2019action du gouvernement (61%).<\/p>\n\n\n\n<p class=\"wp-block-paragraph\"><strong>Enfin, en demandant aux Fran\u00e7ais de se projeter vers de nouvelles \u00e9lections l\u00e9gislatives, moins d\u20191 Fran\u00e7ais sur 2 souhaiterait que Renaissance dispose d\u2019une majorit\u00e9, comme mesur\u00e9 depuis le d\u00e9but de la l\u00e9gislature. Plus pr\u00e9cis\u00e9ment, 14% des Fran\u00e7ais souhaiteraient que Renaissance et ses mouvements alli\u00e9s (MoDem, Horizons) obtiennent une majorit\u00e9 absolue \u00e0 l\u2019Assembl\u00e9e nationale, 28% une majorit\u00e9 relative. A l\u2019inverse, 55% des Fran\u00e7ais se positionnent dans ce sc\u00e9nario en faveur d\u2019une cohabitation<\/strong>. Une position largement partag\u00e9e par l\u2019ensemble des proches de formations politiques d\u2019opposition.\u00a0 Notons par ailleurs qu\u2019\u00e0 l\u2019heure actuelle, seuls 43% des proches de l\u2019ancienne majorit\u00e9 pr\u00e9sidentielle souhaiteraient que leur formation obtienne une majorit\u00e9 absolue \u00e0 l\u2019Assembl\u00e9e nationale (contre 39% une majorit\u00e9 relative).<\/p>\n\n\n\n<p class=\"wp-block-paragraph\">T\u00e9l\u00e9charger le <a href=\"https:\/\/tolunacorporate.com\/wp-content\/uploads\/2026\/06\/Rapport-Toluna-Harris-Observatoire-Parlement-Vague-9-Seance-Publique-Mai-2026.pdf\">rapport complet<\/a><\/p>\n","protected":false},"excerpt":{"rendered":"<p>Enqu\u00eate r\u00e9alis\u00e9e par Toluna-Harris Interactive en ligne du 26 au 30 septembre<\/p>\n","protected":false},"author":59,"featured_media":49622,"comment_status":"closed","ping_status":"closed","sticky":false,"template":"","format":"standard","meta":{"_acf_changed":false,"_toluna_hide_sidebar":false,"_toluna_use_new_nav":false,"footnotes":""},"categories":[254,216],"tags":[101],"class_list":["post-59459","post","type-post","status-publish","format-standard","has-post-thumbnail","hentry","category-france-fr-2","category-opinion-polls","tag-poll-2","entry"],"acf":[],"_links":{"self":[{"href":"https:\/\/tolunacorporate.com\/fr\/wp-json\/wp\/v2\/posts\/59459","targetHints":{"allow":["GET"]}}],"collection":[{"href":"https:\/\/tolunacorporate.com\/fr\/wp-json\/wp\/v2\/posts"}],"about":[{"href":"https:\/\/tolunacorporate.com\/fr\/wp-json\/wp\/v2\/types\/post"}],"author":[{"embeddable":true,"href":"https:\/\/tolunacorporate.com\/fr\/wp-json\/wp\/v2\/users\/59"}],"replies":[{"embeddable":true,"href":"https:\/\/tolunacorporate.com\/fr\/wp-json\/wp\/v2\/comments?post=59459"}],"version-history":[{"count":0,"href":"https:\/\/tolunacorporate.com\/fr\/wp-json\/wp\/v2\/posts\/59459\/revisions"}],"wp:featuredmedia":[{"embeddable":true,"href":"https:\/\/tolunacorporate.com\/fr\/wp-json\/wp\/v2\/media\/49622"}],"wp:attachment":[{"href":"https:\/\/tolunacorporate.com\/fr\/wp-json\/wp\/v2\/media?parent=59459"}],"wp:term":[{"taxonomy":"category","embeddable":true,"href":"https:\/\/tolunacorporate.com\/fr\/wp-json\/wp\/v2\/categories?post=59459"},{"taxonomy":"post_tag","embeddable":true,"href":"https:\/\/tolunacorporate.com\/fr\/wp-json\/wp\/v2\/tags?post=59459"}],"curies":[{"name":"wp","href":"https:\/\/api.w.org\/{rel}","templated":true}]}}